{"id":13892,"date":"2018-01-04T12:43:53","date_gmt":"2018-01-04T11:43:53","guid":{"rendered":"http:\/\/www.messinaoggi.it\/website\/?p=13892"},"modified":"2018-01-04T12:43:53","modified_gmt":"2018-01-04T11:43:53","slug":"verso-le-politiche-tutti-i-nodi-di-forza-italia","status":"publish","type":"post","link":"https:\/\/www.messinaoggi.it\/website\/2018\/01\/04\/verso-le-politiche-tutti-i-nodi-di-forza-italia\/","title":{"rendered":"Verso le Politiche, tutti i nodi di Forza Italia"},"content":{"rendered":"<p style=\"text-align: justify;\">Ancora qualche giorno, anzi, qualche settimana, poi tutto inizier\u00e0 a delinearsi. La macchina del centrodestra per\u00f2 si \u00e8 gi\u00e0 messa in moto in vista delle elezioni Politiche del prossimo 4 marzo, a stabilire le candidature per\u00f2 ci pensa Roma, luogo di vertici e incontri.<div id=\"div-gpt-ad-Messinaoggi.it-DSK-300x250-corpoart\" style=\"text-align:center;margin:0 auto;\"><\/div><\/p>\n<p style=\"text-align: justify;\">Qualche certezza per\u00f2 inizia a trapelare, Forza Italia in citt\u00e0 e provincia vuole confermare gli ottimi risultati ottenuti in occasione delle elezioni regionali del 5 novembre scorso, il vento sembra favorevole e in tanti vorrebbero sfruttarlo.<div id=\"videoincontent\" style=\"clear:both\";><\/div><\/p>\n<p style=\"text-align: justify;\">Un posto nelle liste per la Camera potrebbe essere il modo migliore per dimenticare la delusione di una mancata rielezione all\u2019Ars, \u00e8 il caso di Nino German\u00e0 tornato alla casa madre (Forza Italia) dopo la parentesi \u201calfaniana\u201d.<\/p>\n<p style=\"text-align: justify;\">Il terzo posto nella lista azzurra per l\u2019Ars non gli \u00e8 valsa la riconferma, ma gli oltre 11mila voti presi rappresentano una dote pi\u00f9 che sufficiente per garantirsi un posto nel listino bloccato nel collegio di Barcellona Pozzo di Gotto. Lo stesso collegio dove, salvo clamorose sorprese, dovrebbe trovare posto la deputata pattese Mariella Gullo, esponente dell\u2019area Genovese.<\/p>\n<p style=\"text-align: justify;\">Sempre restando in tema di listino bloccato, molti spazi potrebbero essere occupati dagli ex esponenti di Alternativa Popolare, anch\u2019essi pronti a tornare in Forza Italia. Il nome pi\u00f9 gettonato \u00e8 quello di Enzo Garofalo, che sicuramente godr\u00e0 della sponsorizzazione dell\u2019ex Ministro, Maurizio Lupi. Molte le posizioni da valutare, a partire da quella di Franco Rinaldi, ma allo stato attuale stabilito non proprio nulla. Cos\u00ec come da decidere \u00e8 il futuro di Emilia Barrile.<\/p>\n<p style=\"text-align: justify;\">La sua candidatura alle Politiche sembrava scontata, soprattutto dopo la rinuncia ala corsa all\u2019Ars, ma molto dipender\u00e0 dagli equilibri romani. Sulla lista uninominale i nomi che circolano sono quelli di persone molto vicine a Francantonio Genovese, come l\u2019ex city manager Emilio Fragale, ma dal cilindro potrebbe anche uscire una chance per il consigliere comunale Giuseppe Santalco.<\/p>\n<p style=\"text-align: justify;\">Tornando alla provincia, potrebbe essere accontentato l\u2019onorevole Tommaso Calderone, che nella lista uninominale di Barcellona potrebbe avere il proprio candidato.<\/p>\n","protected":false},"excerpt":{"rendered":"<p>Ancora qualche giorno, anzi, qualche settimana, poi tutto inizier\u00e0 a delinearsi. La macchina del centrodestra per\u00f2 si \u00e8 gi\u00e0 messa in moto in vista delle elezioni Politiche del prossimo 4 marzo, a stabilire le candidature per\u00f2 ci pensa Roma, luogo di vertici e incontri. Qualche certezza per\u00f2 inizia a trapelare, Forza Italia in citt\u00e0 e [&hellip;]<\/p>\n","protected":false},"author":1,"featured_media":2840,"comment_status":"closed","ping_status":"open","sticky":false,"template":"","format":"standard","meta":{"ub_ctt_via":"","_mi_skip_tracking":false},"categories":[6],"tags":[],"featured_image_src":"https:\/\/www.messinaoggi.it\/website\/wp-content\/uploads\/2017\/06\/forza-italia-bandiera-2.jpg","author_info":{"display_name":"admin@admin.com","author_link":"https:\/\/www.messinaoggi.it\/website\/author\/adminadmin-com\/"},"digistream_id":0,"digistream":false,"_links":{"self":[{"href":"https:\/\/www.messinaoggi.it\/website\/wp-json\/wp\/v2\/posts\/13892"}],"collection":[{"href":"https:\/\/www.messinaoggi.it\/website\/wp-json\/wp\/v2\/posts"}],"about":[{"href":"https:\/\/www.messinaoggi.it\/website\/wp-json\/wp\/v2\/types\/post"}],"author":[{"embeddable":true,"href":"https:\/\/www.messinaoggi.it\/website\/wp-json\/wp\/v2\/users\/1"}],"replies":[{"embeddable":true,"href":"https:\/\/www.messinaoggi.it\/website\/wp-json\/wp\/v2\/comments?post=13892"}],"version-history":[{"count":0,"href":"https:\/\/www.messinaoggi.it\/website\/wp-json\/wp\/v2\/posts\/13892\/revisions"}],"wp:featuredmedia":[{"embeddable":true,"href":"https:\/\/www.messinaoggi.it\/website\/wp-json\/wp\/v2\/media\/2840"}],"wp:attachment":[{"href":"https:\/\/www.messinaoggi.it\/website\/wp-json\/wp\/v2\/media?parent=13892"}],"wp:term":[{"taxonomy":"category","embeddable":true,"href":"https:\/\/www.messinaoggi.it\/website\/wp-json\/wp\/v2\/categories?post=13892"},{"taxonomy":"post_tag","embeddable":true,"href":"https:\/\/www.messinaoggi.it\/website\/wp-json\/wp\/v2\/tags?post=13892"}],"curies":[{"name":"wp","href":"https:\/\/api.w.org\/{rel}","templated":true}]}}