{"id":138886,"date":"2023-01-23T20:32:50","date_gmt":"2023-01-23T19:32:50","guid":{"rendered":"https:\/\/www.messinaoggi.it\/website\/2023\/01\/23\/pd-bonaccini-in-sicilia-il-lavoro-al-centro-dellagenda-politica\/"},"modified":"2023-01-23T20:32:50","modified_gmt":"2023-01-23T19:32:50","slug":"pd-bonaccini-in-sicilia-il-lavoro-al-centro-dellagenda-politica","status":"publish","type":"post","link":"https:\/\/www.messinaoggi.it\/website\/2023\/01\/23\/pd-bonaccini-in-sicilia-il-lavoro-al-centro-dellagenda-politica\/","title":{"rendered":"Pd, Bonaccini in Sicilia \u201cIl lavoro al centro dell\u2019agenda politica\u201d"},"content":{"rendered":"<div>\n<p>PALERMO (ITALPRESS) \u2013 \u201cServe un partito che abbia un profilo nettamente laburista, che non vuol dire cambiare il nome\u201d. Cos\u00ec Stefano Bonaccini, governatore dell\u2019Emilia Romagna e candidato alla segreteria del Pd, a margine di un evento a Palermo. \u201cIntendo un partito che metta il tema del lavoro al centro della sua agenda politica\u201d, sottolinea.<br \/>Bonaccini come prima tappa si \u00e8 recato davanti alla stele di Capaci che ricorda le vittime della strage nella quale persero la vita il giudice Giovanni Falcone, la moglie Francesca Morvillo e gli agenti della scorta Rocco Dicillo, Antonio Montinaro e Vito Schifani.<br \/>\u201cSe mi devo concentrare sulle percentuali di voti che abbiamo preso alle ultime elezioni c\u2019\u00e8 da ribaltare il risultato in tante regioni e non solo in Sicilia. Abbiamo perso tanti voti, anche rispetto al 2018. Per riprendere voti e soprattutto affidabilit\u00e0 serve un linguaggio di chiarezza che si faccia capire da chi ha due lauree cos\u00ec come da chi non ha potuto studiare\u201d, sottolinea  Bonaccini, che aggiunge: \u201cIl nostro partito deve essere molto pi\u00f9 popolare, aperto alla gente, bisogna cambiare passo. Se divento segretario prometto che non ci vorranno mai pi\u00f9 sei mesi per eleggere un segretario o una segretaria\u201d.<br \/>\u201cIo non ho nulla contro le correnti, non sono un male in quanto tale, ma mi sembra che nel Pd, negli anni, siano diventate pi\u00f9 fonte di divisioni che di contributo ad un dibattito che in un partito cos\u00ec grande come vogliamo essere non pu\u00f2 che essere plurale. Vorrei che ci confrontassimo e dividessimo su tematiche concrete come lavoro e sanit\u00e0, non sulle correnti che sottolineo non hanno contribuito a selezionare la classe dirigente pi\u00f9 adeguata, molto spesso \u00e8 andato avanti chi applaudiva il capo corrente di turno. Un risultato lo abbiamo comunque ottenuto io avevo detto di non voler essere sostenuto dalle correnti e in effetti \u00e8 cos\u00ec, sono supportato da gente libera. Non ho mai fatto vita di corrente e sto abbastanza bene cos\u00ec\u201d, dichiara Stefano Bonaccini.<br \/>\u201cHo trovato incredibile che alle ultime politiche nessun dirigente del gruppo nazionale sia candidato nei collegi uninominali. E\u2019 un messaggio molto chiaro: nessuno va a sfidare gli altri per timore di perdere \u2013 prosegue Bonaccini -. Se divento segretario \u2013 aggiunge \u2013 garantisco che, immaginando che rimanga questa legge elettorale, la prossima volta alle politiche facciamo scegliere agli elettori i candidati e le candidate ai parlamenti con le primarie. Quanto meno se dobbiamo sbagliare \u00e8 giusto che sbagliamo tutti insieme e non quattro chiusi in una stanza a Roma\u201d.<br \/>\u201cChiamati alla responsabilit\u00e0 dal presidente Mattarella, abbiamo garantito pi\u00f9 governi, e abbiamo fatto bene. Essere stati al governo, quasi ininterrottamente negli ultimi 11 anni, tranne la piccola parentesi dell\u2019esecutivo giallo-verde, ha dato l\u2019impressione a troppi italiani di essere un partito aggrappato al potere indipendentemente dal risultato elettorale, ossia da ci\u00f2 che decidevano gli elettori. Cos\u00ec come credo che Giorgia Meloni abbia preso pi\u00f9 consensi di quelli che meritasse, in ragione del fatto che la sua \u00e8 stata, nella scorsa legislatura, l\u2019unica forza politica coerente con il voto degli elettori: aveva perso ed \u00e8 rimasta all\u2019opposizione\u201d, commenta Bonaccini.<br \/>foto xd6 Italpress <br \/>(ITALPRESS).<div id=\"div-gpt-ad-Messinaoggi.it-DSK-300x250-corpoart\" style=\"text-align:center;margin:0 auto;\"><\/div><\/p>\n<\/div>\n<div id=\"videoincontent\" style=\"clear:both\";><\/div>","protected":false},"excerpt":{"rendered":"<p>PALERMO (ITALPRESS) \u2013 \u201cServe un partito che abbia un profilo nettamente laburista, che non vuol dire cambiare il nome\u201d. Cos\u00ec Stefano Bonaccini, governatore dell\u2019Emilia Romagna e candidato alla segreteria del Pd, a margine di un evento a Palermo. \u201cIntendo un partito che metta il tema del lavoro al centro della sua agenda politica\u201d, sottolinea.Bonaccini come [&hellip;]<\/p>\n","protected":false},"author":18,"featured_media":138887,"comment_status":"closed","ping_status":"closed","sticky":false,"template":"","format":"standard","meta":{"ub_ctt_via":"","_mi_skip_tracking":false},"categories":[2449],"tags":[783],"featured_image_src":"https:\/\/www.messinaoggi.it\/website\/wp-content\/uploads\/2023\/01\/20230123_2062.jpg","author_info":{"display_name":"Admin","author_link":"https:\/\/www.messinaoggi.it\/website\/author\/admin\/"},"digistream_id":0,"digistream":false,"_links":{"self":[{"href":"https:\/\/www.messinaoggi.it\/website\/wp-json\/wp\/v2\/posts\/138886"}],"collection":[{"href":"https:\/\/www.messinaoggi.it\/website\/wp-json\/wp\/v2\/posts"}],"about":[{"href":"https:\/\/www.messinaoggi.it\/website\/wp-json\/wp\/v2\/types\/post"}],"author":[{"embeddable":true,"href":"https:\/\/www.messinaoggi.it\/website\/wp-json\/wp\/v2\/users\/18"}],"replies":[{"embeddable":true,"href":"https:\/\/www.messinaoggi.it\/website\/wp-json\/wp\/v2\/comments?post=138886"}],"version-history":[{"count":0,"href":"https:\/\/www.messinaoggi.it\/website\/wp-json\/wp\/v2\/posts\/138886\/revisions"}],"wp:featuredmedia":[{"embeddable":true,"href":"https:\/\/www.messinaoggi.it\/website\/wp-json\/wp\/v2\/media\/138887"}],"wp:attachment":[{"href":"https:\/\/www.messinaoggi.it\/website\/wp-json\/wp\/v2\/media?parent=138886"}],"wp:term":[{"taxonomy":"category","embeddable":true,"href":"https:\/\/www.messinaoggi.it\/website\/wp-json\/wp\/v2\/categories?post=138886"},{"taxonomy":"post_tag","embeddable":true,"href":"https:\/\/www.messinaoggi.it\/website\/wp-json\/wp\/v2\/tags?post=138886"}],"curies":[{"name":"wp","href":"https:\/\/api.w.org\/{rel}","templated":true}]}}