{"id":138566,"date":"2023-01-20T15:07:57","date_gmt":"2023-01-20T14:07:57","guid":{"rendered":"https:\/\/www.messinaoggi.it\/website\/2023\/01\/20\/impresa-schieder-e-secondo-nella-discesa-di-kitzbuehel\/"},"modified":"2023-01-20T15:07:57","modified_gmt":"2023-01-20T14:07:57","slug":"impresa-schieder-e-secondo-nella-discesa-di-kitzbuehel","status":"publish","type":"post","link":"https:\/\/www.messinaoggi.it\/website\/2023\/01\/20\/impresa-schieder-e-secondo-nella-discesa-di-kitzbuehel\/","title":{"rendered":"Impresa Schieder, \u00e8 secondo nella discesa di Kitzbuehel"},"content":{"rendered":"<div>KITZBUEHEL (AUSTRIA) (ITALPRESS) &#8211; Vincent Kriechmayr torna a vincere dopo due anni sulla Streif ma l&#8217;impresa di giornata la firma un azzurro, Florian Schieder, per la prima volta sul podio in Coppa del Mondo. Nel tempio di Kitzbuehel il 27enne altoatesino, prima di rompersi il crociato al Mondiale di Cortina 2021, era gi\u00e0 stato quattordicesimo ma stavolta si \u00e8 superato, offrendo una prestazione meravigliosa ed emozionante. Il carabiniere di Castelrotto, partito col numero 43, ha sfruttato al meglio le condizioni della pista, partendo quando la stradina dopo la Steilhang si era leggermente velocizzata. Per l&#8217;azzurro \u00e8 stato determinante il tratto sino al Larchenschuss, e poi di nuovo nello schuss finale dopo l&#8217;Hausbergkante. Sono stati solamente 23 i centesimi a dividerlo da Kriechmayr, alla terza vittoria in stagione nella specialit\u00e0 dopo quelle di Bormio e Val Gardena. Per Schieder si \u00e8 trattato del primo podio in carriera nel circo bianco, terzo stagionale per gli uomini della velocit\u00e0 azzurra dopo i due di Mattia Casse. &#8220;La luce era sicuramente migliorata &#8211; ha dichiarato Schieder a fine gara -, ma l&#8217;ho sfruttata bene. Ho dato il massimo con tutta la cattiveria, il coraggio che ho buttando dentro tutto in gara. Non ho fatto grossi errori &#8211; ha aggiunto &#8211; per un discesista \u00e8 un sogno salire sul podio di Kitzbuehel. Un sogno diventato realt\u00e0. Anno dopo anno si cresce sempre un p\u00f2, ma venir qua \u00e8 qualcosa di speciale e per me lo \u00e8 ancora di pi\u00f9 pensando che il mio compaesano Peter Fill ha vinto su questa pista. Ho tante emozioni da digerire, ma devo dormire stasera perch\u00e8 ci sar\u00e0 subito un&#8217;altra gara&#8221;. Il tedesco Niels Hintermann ha terminato terzo a 31 centesimi, ponendosi davanti allo statunitense Jared Goldberg, quarto a 0&#8243;35. Dominik Paris ha chiuso al quinto posto a 39 centesimi, ex-aequo con il norvegese Sejersted. In casa Italia tra i primi venti anche Mattia Casse, 17esimo, seguito da Christof Innerhofer, 22^. Appena fuori dalla zona punti Matteo Marsaglia 31esimo, mentre Guglielmo Bosca e Pietro Zazzi hanno chiuso rispettivamente in 43esima e 45esima posizione, con Nicol\u00f2 Molteni 51^. <br \/>Sabato in programma un&#8217;altra discesa: nella classifica di specialit\u00e0 Kriechmayr si avvicina ad Aleksander Aamodt Kilde, oggi solo 16esimo, mentre in quella generale Marco Odermatt resta sempre al comando nonostante lo zero sulla Streif. Lo svizzero riesce ad arrivare al traguardo dopo aver rischiato la caduta ma termina lontano dalla zona punti e vede ridursi a 325 lunghezze il vantaggio su Kilde.<br \/>&#8211; foto LivePhotoSport &#8211; <br \/>(ITALPRESS).<\/div>\n<div id=\"div-gpt-ad-Messinaoggi.it-DSK-300x250-corpoart\" style=\"text-align:center;margin:0 auto;\"><\/div><\/p><div id=\"videoincontent\" style=\"clear:both\";><\/div>","protected":false},"excerpt":{"rendered":"<p>KITZBUEHEL (AUSTRIA) (ITALPRESS) &#8211; Vincent Kriechmayr torna a vincere dopo due anni sulla Streif ma l&#8217;impresa di giornata la firma un azzurro, Florian Schieder, per la prima volta sul podio in Coppa del Mondo. Nel tempio di Kitzbuehel il 27enne altoatesino, prima di rompersi il crociato al Mondiale di Cortina 2021, era gi\u00e0 stato quattordicesimo [&hellip;]<\/p>\n","protected":false},"author":18,"featured_media":138567,"comment_status":"closed","ping_status":"closed","sticky":false,"template":"","format":"standard","meta":{"ub_ctt_via":"","_mi_skip_tracking":false},"categories":[446],"tags":[783],"featured_image_src":"https:\/\/www.messinaoggi.it\/website\/wp-content\/uploads\/2023\/01\/20230120_1093.jpg","author_info":{"display_name":"Admin","author_link":"https:\/\/www.messinaoggi.it\/website\/author\/admin\/"},"digistream_id":0,"digistream":false,"_links":{"self":[{"href":"https:\/\/www.messinaoggi.it\/website\/wp-json\/wp\/v2\/posts\/138566"}],"collection":[{"href":"https:\/\/www.messinaoggi.it\/website\/wp-json\/wp\/v2\/posts"}],"about":[{"href":"https:\/\/www.messinaoggi.it\/website\/wp-json\/wp\/v2\/types\/post"}],"author":[{"embeddable":true,"href":"https:\/\/www.messinaoggi.it\/website\/wp-json\/wp\/v2\/users\/18"}],"replies":[{"embeddable":true,"href":"https:\/\/www.messinaoggi.it\/website\/wp-json\/wp\/v2\/comments?post=138566"}],"version-history":[{"count":0,"href":"https:\/\/www.messinaoggi.it\/website\/wp-json\/wp\/v2\/posts\/138566\/revisions"}],"wp:featuredmedia":[{"embeddable":true,"href":"https:\/\/www.messinaoggi.it\/website\/wp-json\/wp\/v2\/media\/138567"}],"wp:attachment":[{"href":"https:\/\/www.messinaoggi.it\/website\/wp-json\/wp\/v2\/media?parent=138566"}],"wp:term":[{"taxonomy":"category","embeddable":true,"href":"https:\/\/www.messinaoggi.it\/website\/wp-json\/wp\/v2\/categories?post=138566"},{"taxonomy":"post_tag","embeddable":true,"href":"https:\/\/www.messinaoggi.it\/website\/wp-json\/wp\/v2\/tags?post=138566"}],"curies":[{"name":"wp","href":"https:\/\/api.w.org\/{rel}","templated":true}]}}