{"id":138532,"date":"2023-01-20T14:17:50","date_gmt":"2023-01-20T13:17:50","guid":{"rendered":"https:\/\/www.messinaoggi.it\/website\/2023\/01\/20\/a-palermo-cerimonia-medaglie-doro-ai-medici-per-i-50-anni-di-professione\/"},"modified":"2023-01-20T14:17:50","modified_gmt":"2023-01-20T13:17:50","slug":"a-palermo-cerimonia-medaglie-doro-ai-medici-per-i-50-anni-di-professione","status":"publish","type":"post","link":"https:\/\/www.messinaoggi.it\/website\/2023\/01\/20\/a-palermo-cerimonia-medaglie-doro-ai-medici-per-i-50-anni-di-professione\/","title":{"rendered":"A Palermo cerimonia Medaglie d\u2019Oro ai medici per i 50 anni di professione"},"content":{"rendered":"<div>\n<p>PALERMO (ITALPRESS) \u2013 Cerimonia, all\u2019Hotel La Torre di Palermo, per il 50esimo anniversario dalla laurea in Medicina e Chirurgia.  <br \/>Il presidente dell\u2019Omceo di Palermo Toti Amato, insieme al presidente dell\u2019albo medici Giovanni Merlino e i consiglieri dell\u2019ordine, hanno premiato 114 medici con una medaglia d\u2019oro che riporta l\u2019effige del bastone di Esculapio per \u201caver esercitato da oltre cinquant\u2019anni la professione di medico chirurgo con ammirevole dedizione, secondo scienza e coscienza, per il sollievo delle sofferenze e per la difesa della vita nel rispetto della persona umana\u201d.<br \/>Una motivazione sottolineata anche nella lunga lettera inviata dal sindaco Roberto Lagalla, rappresentato per l\u2019occasione dall\u2019assessore Giampiero Cannella, in un cui si legge \u201cil valore della responsabilit\u00e0 di ogni medico non ha et\u00e0 perch\u00e8 portatore di scienza e competenza professionale, ma ancor prima dispensatore di umanit\u00e0\u201d.<br \/>\u201cE\u2019 sempre con lo stesso orgoglio e la stessa riconoscenza che apro questa cerimonia \u2013 ha detto Amato, introducendo l\u2019evento \u2013 consapevole che ciascuno di voi \u00e8 stato portatore di un lavoro generoso e in certi casi coraggioso per proteggere non solo i pazienti, ma la scienza medica e il sistema salute, che oggi vive una crisi profonda e non sembrano esserci spiragli di meccanismi e risorse per superarne le carenze strutturali, dal fabbisogno di personale all\u2019assistenza territoriale. Gi\u00e0 da quest\u2019anno il deficit della spesa delle regioni \u00e8 di 5.5 miliardi e difficilmente potr\u00e0 essere ripianato, visto che dal 2018 Stato e Regione non finanziano pi\u00f9 le spese correnti. Questo significa che le regioni saranno costrette a tagliare anche i Lea (Livelli essenziali di assistenza) e l\u2019unica via per il cittadino sar\u00e0 stipulare un\u2019assicurazione privata per curarsi, cos\u00ec come avviene nel sistema sanitario americano. A quel punto le disuguaglianze di cura, sociali e territoriali saranno sempre pi\u00f9 marcate. A rischiare di pi\u00f9 saranno la Sicilia e le altre regioni del Sud, dove storicamente il divario rispetto al Nord \u00e8 netto e certificato dai maggiori istituti, a partire dalla Fnomceo\u201d.<br \/>Tema complesso, quello della medicina del territorio anche per l\u2019assessore della Salute Giovanna Volo. \u201cNonostante il gran numero di pensionamenti dei prossimi anni \u2013 ha detto \u2013 mi auguro di assicurare a breve un sufficiente numero di medici di famiglia e di specialisti che possono garantire in Sicilia una maggiore assistenza sanitaria\u201d.<br \/>Tra i numerosi interventi, il luminare dei progressi della ginecologia siciliana nel mondo Ettore Cittadini, un ospite d\u2019eccezione che i premiati hanno ripetutamente ringraziato, per il suoi contributi alla ricerca e alla comunit\u00e0 scientifica internazionale.<br \/>Sono stati insigniti: Agostara Biagio, Abruzzese Giovanni, Alaimo Salvatore, Alaimo Calogero, Amoroso Saverio, Allegri Francesco, Barabino Agnese Alba, Amuso Mariano, Bellavia Angelo, Assennato Pasquale, Bodanza Giuseppe, Aurilio Angela, Carmina Matilde, Bosco Ernesto, D\u2019alia Onofrio, Carducci Artenisio Fabio, D\u2019anna Raffaele, Carducci Artenisio, Gualberto Di Bernardo, Cristoforo Caruso Calogero, Di Ges\u00f9 Gaetano, Castello Antonio, Di Maria Bernardo Castiglione, Roberto Giammona Giuseppe Catalano Nicol\u00f2, Hoffmann Enrico, Cataldo Maria Gabriella, La Monica Rosaria, Chifari Andrea, Lo Meo Antonina, Ciresi Francesco, Lupo Innocenzo, Cucinella Fara, Malizia Roberto, Cultrera Salvatore, Messina Luigi, Cumbo Mario, Miceli Cosimo, Cupido Gianfranco, Monastero Anna Maria, Damiani Sergio, Morici Giuseppina, De Luca Giovanna, Mortellaro Antonino, Di Franco Pietro, Mul\u00e8 Mario, Di Giorgio Benedetto, Oliveri Filippo, Di Pace Giovanni, Pagella Vittoria, Donatelli Maria, Paterna Salvatore, Enia Francesco, Pera Antonino, Fazzini Dora, Peri Giovanni, Ferrara Giuseppe, Petronio Massimo, Fici Salvatore, Petruzzellis Vito, Filippazzo Maria Gabriella, Platania Pietro, Francavilla Giuseppe, Ruscazio Mario, Giacalone Rosanna, Salomone Giuseppe, Gio\u00e8 Francesco Paolo, Schir\u00f2 Vincenzo, Guccione Maurizio, Sorrentino Antonio, Iacono Giuseppe, Timoneri Mario, Ippolito Rosario, Vasile Paolo, La Rocca Calogero, Li Vecchi Maurizio, Liotta Andrea, Lo Coco Anna, Lo Iacono Francesco, Lorito Benedetto, Mangano Maria Teresa, Martines Enrico, Messina Letizia, Militello Leonardo, Moceo Pietro, Morici Maria Letizia, Morici Vincenzo, Muscolino Aldo, Novara Vincenzo, Pagano Giovanni, Palazzolo Mariano, Pernice Salvatore, Pomar Daniela, Provenzale Antonetto, Raimondi Francesco, Raimondo Domenico, Re Mario, Saladino Agnese, Salamone Gaetano, Sanzone Leonardo, Savettieri Giovanni, Sciarabba Giusto, Scopelliti Michelangelo, Scotto Eleda, Sinatra Roberto, Sofia Giacomo, Sorrentino Giacomo, Spagnolo Giuseppe, Torina Giuseppe, Tranchina Giuseppe, Tripodo Marcella, Velardo Pasquale, Vitale Raffaele.<br \/>foto ufficio stampa Omceo Palermo, da sinistra Ettore Cittadini e Toti Amato<br \/>(ITALPRESS).<div id=\"div-gpt-ad-Messinaoggi.it-DSK-300x250-corpoart\" style=\"text-align:center;margin:0 auto;\"><\/div><\/p>\n<\/div>\n<div id=\"videoincontent\" style=\"clear:both\";><\/div>","protected":false},"excerpt":{"rendered":"<p>PALERMO (ITALPRESS) \u2013 Cerimonia, all\u2019Hotel La Torre di Palermo, per il 50esimo anniversario dalla laurea in Medicina e Chirurgia. Il presidente dell\u2019Omceo di Palermo Toti Amato, insieme al presidente dell\u2019albo medici Giovanni Merlino e i consiglieri dell\u2019ordine, hanno premiato 114 medici con una medaglia d\u2019oro che riporta l\u2019effige del bastone di Esculapio per \u201caver esercitato [&hellip;]<\/p>\n","protected":false},"author":18,"featured_media":138533,"comment_status":"closed","ping_status":"closed","sticky":false,"template":"","format":"standard","meta":{"ub_ctt_via":"","_mi_skip_tracking":false},"categories":[2449],"tags":[783],"featured_image_src":"https:\/\/www.messinaoggi.it\/website\/wp-content\/uploads\/2023\/01\/20230120_0904.jpg","author_info":{"display_name":"Admin","author_link":"https:\/\/www.messinaoggi.it\/website\/author\/admin\/"},"digistream_id":0,"digistream":false,"_links":{"self":[{"href":"https:\/\/www.messinaoggi.it\/website\/wp-json\/wp\/v2\/posts\/138532"}],"collection":[{"href":"https:\/\/www.messinaoggi.it\/website\/wp-json\/wp\/v2\/posts"}],"about":[{"href":"https:\/\/www.messinaoggi.it\/website\/wp-json\/wp\/v2\/types\/post"}],"author":[{"embeddable":true,"href":"https:\/\/www.messinaoggi.it\/website\/wp-json\/wp\/v2\/users\/18"}],"replies":[{"embeddable":true,"href":"https:\/\/www.messinaoggi.it\/website\/wp-json\/wp\/v2\/comments?post=138532"}],"version-history":[{"count":0,"href":"https:\/\/www.messinaoggi.it\/website\/wp-json\/wp\/v2\/posts\/138532\/revisions"}],"wp:featuredmedia":[{"embeddable":true,"href":"https:\/\/www.messinaoggi.it\/website\/wp-json\/wp\/v2\/media\/138533"}],"wp:attachment":[{"href":"https:\/\/www.messinaoggi.it\/website\/wp-json\/wp\/v2\/media?parent=138532"}],"wp:term":[{"taxonomy":"category","embeddable":true,"href":"https:\/\/www.messinaoggi.it\/website\/wp-json\/wp\/v2\/categories?post=138532"},{"taxonomy":"post_tag","embeddable":true,"href":"https:\/\/www.messinaoggi.it\/website\/wp-json\/wp\/v2\/tags?post=138532"}],"curies":[{"name":"wp","href":"https:\/\/api.w.org\/{rel}","templated":true}]}}