{"id":138520,"date":"2023-01-20T12:47:53","date_gmt":"2023-01-20T11:47:53","guid":{"rendered":"https:\/\/www.messinaoggi.it\/website\/2023\/01\/20\/policlinico-palermo-entro-febbraio-unarea-demergenza-allavanguardia\/"},"modified":"2023-01-20T12:47:53","modified_gmt":"2023-01-20T11:47:53","slug":"policlinico-palermo-entro-febbraio-unarea-demergenza-allavanguardia","status":"publish","type":"post","link":"https:\/\/www.messinaoggi.it\/website\/2023\/01\/20\/policlinico-palermo-entro-febbraio-unarea-demergenza-allavanguardia\/","title":{"rendered":"Policlinico Palermo, entro febbraio un\u2019area d\u2019emergenza all\u2019avanguardia"},"content":{"rendered":"<div>\n<p>PALERMO (ITALPRESS) \u2013 \u201cL\u2019obiettivo principale \u00e8 quello di definire e iniziare, dopo tanto tempo, i lavori che riguardano l\u2019area di emergenza e del blocco operatorio\u201d. A dirlo in un\u2019intervista all\u2019Italpress \u00e8 il neo commissario del Policlinico \u201cPaolo Giaccone\u201d di Palermo, Salvatore Iacolino. Insediatosi da poco pi\u00f9 di un mese, il dirigente sta lavorando su alcune criticit\u00e0 che bisognava superare prima di avviare il vero proprio processo di riorganizzazione della struttura, partendo proprio dall\u2019area di emergenza: \u201cE\u2019 un\u2019attivit\u00e0 che era ferma e che siamo riusciti a sbloccare \u2013 ha affermato Iacolino -. E\u2019 una delle priorit\u00e0 che il governo regionale mi ha dato al momento della nomina. Abbiamo sbloccato i lavori, erano fermi per mancati pagamenti alle ditte sub-affidatarie. Abbiamo avviato tutte le procedure, si \u00e8 ripreso a lavorare e confidiamo entro febbraio di consegnare alla comunit\u00e0 accademica, ma soprattutto agli operatori sanitari e alla comunit\u00e0 palermitana una struttura all\u2019avanguardia, con una tac di ultimissima generazione\u201d. <br \/>Tra le novit\u00e0 arrivate nei giorni scorsi, c\u2019\u00e8 quella relativa al milione di euro recuperato dalla Regione Siciliana per dare una sterzata alle liste d\u2019attesa, spesso troppo lunghe: \u201cErano risorse gi\u00e0 presenti nel 2022, che non erano state utilizzate, e pertanto abbiamo chiesto un differimento dei tempi perch\u00e8 potessimo utilizzarle per abbattere le liste d\u2019attesa \u2013 ha sottolineato Iacolino -. Ci sono una serie di realt\u00e0 che richiedono il potenziamento dell\u2019offerta sanitaria, salvaguardando il diritto alla salute dei cittadini. Abbiamo agito con un impulso forte nei confronti dei direttori di dipartimento e abbiamo definito un piano operativo: confidiamo che le liste d\u2019attesa, in particolare in quelle aree dove vi \u00e8 una difficolt\u00e0 concreta di erogare prestazioni, possano essere risolte anche attraverso questo finanziamento aggiuntivo. Non vi \u00e8 dubbio che questa sia una priorit\u00e0 essenziale dell\u2019intero sistema sanitario regionale\u201d. <br \/>Per i vuoti d\u2019organico \u201cabbiamo avviato le procedure con un avviso aperto che consente, in tutte le discipline mediche, di manifestare l\u2019interesse da parte dei candidati e attuare finalmente un reclutamento ampio e consistente che tenga conto delle varie esigenze rappresentate dai direttori di dipartimento assistenziale\u201d, ha aggiunto Iacolino. Con l\u2019Universit\u00e0 e con la Regione, sottolinea, \u201cI rapporti sono assolutamente buoni e intensi. Il metodo attuato \u00e8 quello partecipativo e vi \u00e8 un organo, che \u00e8 il collegio di direzione, formato da tutti i direttori di dipartimento in cui ci confrontiamo costruttivamente. Nei giorni scorsi siamo stati dal presidente Renato Schifani, assieme al rettore (Massimo Midiri, ndr) e al presidente della Scuola di Medicina (Marcello Ciaccio, ndr) per attivare quello che \u00e8 un percorso fondamentale, cio\u00e8 realizzare, anche con il contributo dell\u2019amministrazione comunale di Palermo, un nuovo Policlinico in un\u2019area che \u00e8 aperta e facilmente accessibile\u201d. <br \/>\u201cCi sono 340 milioni di euro a suo tempo assegnati per realizzare il \u2018Policivic\u00f2, che probabilmente verrano splittati. Sappiamo che sia il presidente Schifani che l\u2019assessore Volo guardano con grande interesse alla realizzazione di un nuovo complesso ospedaliero sul modello dell\u2019architetto Renzo Piano per garantire una continuit\u00e0 assistenziale con una struttura di avanguardia ed eccellenza\u201d, ha concluso.<div id=\"div-gpt-ad-Messinaoggi.it-DSK-300x250-corpoart\" style=\"text-align:center;margin:0 auto;\"><\/div><\/p>\n<p>\u2013 foto Italpress \u2013<br \/>(ITALPRESS).<div id=\"videoincontent\" style=\"clear:both\";><\/div><\/p>\n<\/div>\n","protected":false},"excerpt":{"rendered":"<p>PALERMO (ITALPRESS) \u2013 \u201cL\u2019obiettivo principale \u00e8 quello di definire e iniziare, dopo tanto tempo, i lavori che riguardano l\u2019area di emergenza e del blocco operatorio\u201d. A dirlo in un\u2019intervista all\u2019Italpress \u00e8 il neo commissario del Policlinico \u201cPaolo Giaccone\u201d di Palermo, Salvatore Iacolino. Insediatosi da poco pi\u00f9 di un mese, il dirigente sta lavorando su alcune [&hellip;]<\/p>\n","protected":false},"author":18,"featured_media":138521,"comment_status":"closed","ping_status":"closed","sticky":false,"template":"","format":"standard","meta":{"ub_ctt_via":"","_mi_skip_tracking":false},"categories":[2449],"tags":[783],"featured_image_src":"https:\/\/www.messinaoggi.it\/website\/wp-content\/uploads\/2023\/01\/20230120_0541.jpg","author_info":{"display_name":"Admin","author_link":"https:\/\/www.messinaoggi.it\/website\/author\/admin\/"},"digistream_id":0,"digistream":false,"_links":{"self":[{"href":"https:\/\/www.messinaoggi.it\/website\/wp-json\/wp\/v2\/posts\/138520"}],"collection":[{"href":"https:\/\/www.messinaoggi.it\/website\/wp-json\/wp\/v2\/posts"}],"about":[{"href":"https:\/\/www.messinaoggi.it\/website\/wp-json\/wp\/v2\/types\/post"}],"author":[{"embeddable":true,"href":"https:\/\/www.messinaoggi.it\/website\/wp-json\/wp\/v2\/users\/18"}],"replies":[{"embeddable":true,"href":"https:\/\/www.messinaoggi.it\/website\/wp-json\/wp\/v2\/comments?post=138520"}],"version-history":[{"count":0,"href":"https:\/\/www.messinaoggi.it\/website\/wp-json\/wp\/v2\/posts\/138520\/revisions"}],"wp:featuredmedia":[{"embeddable":true,"href":"https:\/\/www.messinaoggi.it\/website\/wp-json\/wp\/v2\/media\/138521"}],"wp:attachment":[{"href":"https:\/\/www.messinaoggi.it\/website\/wp-json\/wp\/v2\/media?parent=138520"}],"wp:term":[{"taxonomy":"category","embeddable":true,"href":"https:\/\/www.messinaoggi.it\/website\/wp-json\/wp\/v2\/categories?post=138520"},{"taxonomy":"post_tag","embeddable":true,"href":"https:\/\/www.messinaoggi.it\/website\/wp-json\/wp\/v2\/tags?post=138520"}],"curies":[{"name":"wp","href":"https:\/\/api.w.org\/{rel}","templated":true}]}}