{"id":13851,"date":"2018-01-03T16:46:47","date_gmt":"2018-01-03T15:46:47","guid":{"rendered":"http:\/\/www.messinaoggi.it\/website\/?p=13851"},"modified":"2018-01-03T16:46:47","modified_gmt":"2018-01-03T15:46:47","slug":"tripodi-uil-messina-delrio-se-rivelato-un-nemico-di-messina","status":"publish","type":"post","link":"https:\/\/www.messinaoggi.it\/website\/2018\/01\/03\/tripodi-uil-messina-delrio-se-rivelato-un-nemico-di-messina\/","title":{"rendered":"Tripodi (Uil Messina): &quot;Delrio s&#039;\u00e8 rivelato un nemico di Messina&quot;"},"content":{"rendered":"<p class=\"p1\"><span class=\"s1\">&#8220;Volevamo tanto essere nel torto quando, in tempi non sospetti, affermammo pubblicamente che i sedicenti solenni impegni pubblici del ministro Del Rio a favore della citt\u00e0 metropolitana di Messina e, pi\u00f9 in generale, dell\u2019area dello Stretto non erano altro che una miserevole parte in commedia interpretata dallo stesso ministro in occasione delle ripetute visite-passerelle che siamo stati costretti a subire.<\/span><div id=\"div-gpt-ad-Messinaoggi.it-DSK-300x250-corpoart\" style=\"text-align:center;margin:0 auto;\"><\/div><\/p>\n<p class=\"p1\"><span class=\"s1\">Il ministro Del Rio ha distribuito a destra e manca finanziamenti per oltre due miliardi di euro, un infinito fiume di denaro finalizzato alla realizzazione di opere ed infrastrutture destinate a decine e decine di realt\u00e0 territoriali del nostro Paese.<\/span><div id=\"videoincontent\" style=\"clear:both\";><\/div><\/p>\n<p class=\"p1\"><span class=\"s1\">Tutte le citt\u00e0 metropolitane italiane, tranne Messina, hanno avuto, pi\u00f9 o meno, un\u2019adeguata considerazione.<\/span><\/p>\n<p class=\"p1\"><span class=\"s1\">Messina ha ricevuto la mancia di soli due milioni di euro, vale a dire neanche lo 0,1%: il nulla assoluto.<\/span><\/p>\n<p class=\"p1\"><span class=\"s1\">L\u2019infame e ingiustificabile decisione del ministro Del Rio di punire e penalizzare la citt\u00e0 metropolitana di Messina rappresenta un punto di non ritorno che, a nostro avviso, non pu\u00f2 cadere nel dimenticatoio e che richiede l\u2019indignazione e la sollevazione generale.<\/span><\/p>\n<p class=\"p1\"><span class=\"s1\">Purtroppo, i primi segnali \u00a0che stiamo registrando vanno decisamente nella direzione opposta: tanti assordanti silenzi e un generalizzato tentativo di derubricare quanto deciso alla stregua di un banale atto amministrativo.<\/span><\/p>\n<p class=\"p1\"><span class=\"s1\">Invece, come \u00e9 ovvio, non \u00e9 assolutamente cos\u00ec.<\/span><\/p>\n<p class=\"p1\"><span class=\"s1\">L\u2019esclusione di Messina \u00e8 il frutto avvelenato di una voluta e ponderata ,quanto vergognosa, decisione politica.<\/span><\/p>\n<p class=\"p1\"><span class=\"s1\">Che fine hanno fatto i deputati e i senatori messinesi? E l\u2019amministrazione Accorinti?<\/span><\/p>\n<p class=\"p1\"><span class=\"s1\">Probabilmente, nel mentre Messina \u00e9 stata tradita ed umiliata, sono ancora impegnati nei brindisi per il nuovo anno&#8230;&#8230;<\/span><\/p>\n<p class=\"p1\"><span class=\"s1\">La UIL Messina non si arrende e invita tutti i soggetti che hanno a cuore le sorti della citt\u00e0 a far sentire la voce dell\u2019indignazione e della protesta per il grave torto subito.<\/span><\/p>\n<p class=\"p1\"><span class=\"s1\">Una cosa \u00e8 certa: il ministro uscente, e speriamo non rientrante, dei Trasporti e delle Infrastrutture Graziano Del Rio si \u00e8 rivelato, inspiegabilmente, un acerrimo nemico di Messina.\u00a0E, siamo certi, Messina non lo scorder\u00e1\u2026.\u201d<\/span><\/p>\n<p class=\"p1\"><span class=\"s1\">Cos\u00ec Ivan Tripodi, segretario generale Uil-Messina.<\/span><\/p>\n","protected":false},"excerpt":{"rendered":"<p>&#8220;Volevamo tanto essere nel torto quando, in tempi non sospetti, affermammo pubblicamente che i sedicenti solenni impegni pubblici del ministro Del Rio a favore della citt\u00e0 metropolitana di Messina e, pi\u00f9 in generale, dell\u2019area dello Stretto non erano altro che una miserevole parte in commedia interpretata dallo stesso ministro in occasione delle ripetute visite-passerelle che [&hellip;]<\/p>\n","protected":false},"author":2,"featured_media":8386,"comment_status":"closed","ping_status":"open","sticky":false,"template":"","format":"standard","meta":{"ub_ctt_via":"","_mi_skip_tracking":false},"categories":[6],"tags":[],"featured_image_src":"https:\/\/www.messinaoggi.it\/website\/wp-content\/uploads\/2017\/09\/ivan-tripodi-uilRRP_8325-2.jpg","author_info":{"display_name":"Redazione","author_link":"https:\/\/www.messinaoggi.it\/website\/author\/redazione\/"},"digistream_id":0,"digistream":false,"_links":{"self":[{"href":"https:\/\/www.messinaoggi.it\/website\/wp-json\/wp\/v2\/posts\/13851"}],"collection":[{"href":"https:\/\/www.messinaoggi.it\/website\/wp-json\/wp\/v2\/posts"}],"about":[{"href":"https:\/\/www.messinaoggi.it\/website\/wp-json\/wp\/v2\/types\/post"}],"author":[{"embeddable":true,"href":"https:\/\/www.messinaoggi.it\/website\/wp-json\/wp\/v2\/users\/2"}],"replies":[{"embeddable":true,"href":"https:\/\/www.messinaoggi.it\/website\/wp-json\/wp\/v2\/comments?post=13851"}],"version-history":[{"count":0,"href":"https:\/\/www.messinaoggi.it\/website\/wp-json\/wp\/v2\/posts\/13851\/revisions"}],"wp:featuredmedia":[{"embeddable":true,"href":"https:\/\/www.messinaoggi.it\/website\/wp-json\/wp\/v2\/media\/8386"}],"wp:attachment":[{"href":"https:\/\/www.messinaoggi.it\/website\/wp-json\/wp\/v2\/media?parent=13851"}],"wp:term":[{"taxonomy":"category","embeddable":true,"href":"https:\/\/www.messinaoggi.it\/website\/wp-json\/wp\/v2\/categories?post=13851"},{"taxonomy":"post_tag","embeddable":true,"href":"https:\/\/www.messinaoggi.it\/website\/wp-json\/wp\/v2\/tags?post=13851"}],"curies":[{"name":"wp","href":"https:\/\/api.w.org\/{rel}","templated":true}]}}