{"id":138502,"date":"2023-01-20T10:07:52","date_gmt":"2023-01-20T09:07:52","guid":{"rendered":"https:\/\/www.messinaoggi.it\/website\/2023\/01\/20\/tre-milioni-di-italiani-si-curano-alle-terme\/"},"modified":"2023-01-20T10:07:52","modified_gmt":"2023-01-20T09:07:52","slug":"tre-milioni-di-italiani-si-curano-alle-terme","status":"publish","type":"post","link":"https:\/\/www.messinaoggi.it\/website\/2023\/01\/20\/tre-milioni-di-italiani-si-curano-alle-terme\/","title":{"rendered":"Tre milioni di italiani si curano alle terme"},"content":{"rendered":"<div>PALERMO (ITALPRESS) &#8211; &#8220;Le terme sono sempre rimaste aperte durante il Covid perch\u00e8 considerate un luogo sicuro per la natura delle loro acque&#8221;. Cos\u00ec Massimo Caputi, presidente di Federterme, intervistato da Claudio Brachino per il magazine televisivo Italpress \u0080conomy.<br \/>&#8220;Incredibilmente &#8211; ha affermato &#8211; questa tragedia del Covid, che purtroppo non \u00e8 finita, per le terme alla fine ha segnato un punto di vantaggio perch\u00e8 \u00e8 un sistema che \u00e8 stato riscoperto in tutta Europa&#8221;. Per Caputi, &#8220;la riabilitazione post-Covid alle terme segna un elemento di enorme interesse&#8221;.<br \/>&#8220;Quando si parla di terme, tranne per l&#8217;uso improprio che alcuni fanno di questo nome &#8211; ha spiegato -, non \u00e8 &#8216;l&#8217;acqua cald\u00e0. Sono quei centri che hanno acque analizzate, certificate e definite dal Ministero della Sanit\u00e0 e dall&#8217;Istituto superiore di Sanit\u00e0 per determinate patologie&#8221;. &#8220;In Italia &#8211; ha ricordato &#8211; le terme sono circa 300 e oggi abbiamo 3 milioni di italiani che vanno a curarsi alle terme, secondo i dati del 2022&#8221;.<br \/>Tra le diverse aree, Caputi ha ricordato &#8220;la zona di Ischia per tutto ci\u00f2 che riguarda i problemi articolari&#8221;, quella &#8220;dei Colli Euganei con una funzione abbastanza ampia per la riabilitazione&#8221;, l&#8217;Emilia-Romagna dove ci sono &#8220;quasi trenta complessi termali&#8221; e la Toscana, dove &#8220;le acque di Chianciano sono uniche al mondo per fegato e intestino&#8221;, ha detto. Quindi &#8220;ci sono acque giuste per patologie giuste, e questo \u00e8 fondamentale in quanto la cura termale &#8211; ha sottolineato &#8211; \u00e8 democratica, perch\u00e8 si pu\u00f2 andare con dieci euro o gratis con il Servizio sanitario nazionale, ed \u00e8 molto ecologica per il nostro organismo&#8221;.<br \/>L&#8217;Italia, per\u00f2, deve tornare a essere competitiva in Europa. &#8220;E&#8217; un problema serissimo &#8211; ha affermato &#8211; che speriamo che questo governo affronti. Trent&#8217;anni fa l&#8217;Italia era prima al mondo per incoming turistico, oggi siamo quinti e ho il sospetto che saremmo sesti se uscissero i dati veri della Turchia. Il problema &#8211; ha proseguito &#8211; \u00e8 che al primo e al secondo posto ci sono la Francia e la Spagna. Il dato pi\u00f9 interessante e negativo per noi \u00e8 che la Francia ha la met\u00e0 dei posti letto alberghieri dell&#8217;Italia ma pieni il doppio&#8221;. Secondo il presidente di Federterme, &#8220;bisogna recuperare e per farlo l&#8217;elemento fondamentale \u00e8 la destagionalizzazione&#8221;.<br \/>&#8220;Se pensiamo &#8211; ha evidenziato &#8211; di attrarre turisti andando in giro per il mondo a fare fiere non abbiamo capito niente. Purtroppo questo \u00e8 un modello che speriamo venga presto modificato. L&#8217;Italia riceve circa 200 miliardi di fatturato dal turismo all&#8217;anno. I turisti stranieri costituiscono una grande massa e nel 2021 non abbiamo avuto stranieri ma turisti italiani. Il 2022 &#8211; ha continuato &#8211; \u00e8 andato allo stesso modo per due motivi: la sensazione di insicurezza che ha dato la guerra e il costo dei biglietti aerei. E&#8217; stato un boom di italiani che ha supplito la mancanza di alcuni flussi, come quelli dell&#8217;Est&#8221;. Per Caputi occorre quindi &#8220;abbandonare il modello tradizionale delle fiere&#8221;. &#8220;Ci sono &#8211; ha detto &#8211; alcune fiere di nicchia e di settore che hanno senso ma quelle generaliste non attraggono pi\u00f9&#8221;. Il presidente di Federterme propone di &#8220;unire Ice ed Enit sotto l&#8217;egida Ice&#8221;.<br \/>Anche le terme risentono del caro energia. &#8220;Mediamente &#8211; ha spiegato &#8211; il costo delle risorse umane \u00e8 al 40% e circa al 20% i costi delle utilities. Oggi questi costi sono pareggiati&#8221;, ha aggiunto, spiegando che gli aumenti del gas hanno messo &#8220;in difficolt\u00e0 moltissime aziende turistiche e termali&#8221;. Il presidente di Federterme si \u00e8 soffermato anche sul tema dell&#8217;energia alternativa. &#8220;Trovo &#8211; ha detto &#8211; le pale eoliche in Olanda bellissime, portano gli studenti a visitarle&#8221;. Inoltre, secondo Caputi, bisogna &#8220;studiare seriamente un nucleare pulito, come fanno i francesi&#8221; e &#8220;sulle energie alternative possiamo fare tantissimo ancora ma per autoconsumo&#8221;.<br \/>Quanto al Pnrr, il presidente di Federterme, si definisce &#8220;molto critico&#8221;. &#8220;Da un lato &#8211; ha affermato &#8211; il Pnrr gonfia la pubblica amministrazione e non la modernizza, dall&#8217;altro ci sono progetti fantasiosi&#8221;. La richiesta quindi \u00e8 &#8220;che oggi venga indirizzato verso un sostegno reale alle imprese e alle famiglie su cose spendibili. Bisogna ritararlo &#8211; ha concluso &#8211; su quello che sta succedendo ma anche sugli effetti positivi delle misure adottate e su quello che hanno fatto gli altri paesi&#8221;.<div id=\"div-gpt-ad-Messinaoggi.it-DSK-300x250-corpoart\" style=\"text-align:center;margin:0 auto;\"><\/div><\/p>\n<p>&#8211; foto Italpress &#8211;<div id=\"videoincontent\" style=\"clear:both\";><\/div><\/p>\n<p>(ITALPRESS).<\/p><\/div>\n","protected":false},"excerpt":{"rendered":"<p>PALERMO (ITALPRESS) &#8211; &#8220;Le terme sono sempre rimaste aperte durante il Covid perch\u00e8 considerate un luogo sicuro per la natura delle loro acque&#8221;. Cos\u00ec Massimo Caputi, presidente di Federterme, intervistato da Claudio Brachino per il magazine televisivo Italpress \u0080conomy.&#8220;Incredibilmente &#8211; ha affermato &#8211; questa tragedia del Covid, che purtroppo non \u00e8 finita, per le terme [&hellip;]<\/p>\n","protected":false},"author":18,"featured_media":138503,"comment_status":"closed","ping_status":"closed","sticky":false,"template":"","format":"standard","meta":{"ub_ctt_via":"","_mi_skip_tracking":false},"categories":[446],"tags":[783],"featured_image_src":"https:\/\/www.messinaoggi.it\/website\/wp-content\/uploads\/2023\/01\/20230120_0138.jpg","author_info":{"display_name":"Admin","author_link":"https:\/\/www.messinaoggi.it\/website\/author\/admin\/"},"digistream_id":0,"digistream":false,"_links":{"self":[{"href":"https:\/\/www.messinaoggi.it\/website\/wp-json\/wp\/v2\/posts\/138502"}],"collection":[{"href":"https:\/\/www.messinaoggi.it\/website\/wp-json\/wp\/v2\/posts"}],"about":[{"href":"https:\/\/www.messinaoggi.it\/website\/wp-json\/wp\/v2\/types\/post"}],"author":[{"embeddable":true,"href":"https:\/\/www.messinaoggi.it\/website\/wp-json\/wp\/v2\/users\/18"}],"replies":[{"embeddable":true,"href":"https:\/\/www.messinaoggi.it\/website\/wp-json\/wp\/v2\/comments?post=138502"}],"version-history":[{"count":0,"href":"https:\/\/www.messinaoggi.it\/website\/wp-json\/wp\/v2\/posts\/138502\/revisions"}],"wp:featuredmedia":[{"embeddable":true,"href":"https:\/\/www.messinaoggi.it\/website\/wp-json\/wp\/v2\/media\/138503"}],"wp:attachment":[{"href":"https:\/\/www.messinaoggi.it\/website\/wp-json\/wp\/v2\/media?parent=138502"}],"wp:term":[{"taxonomy":"category","embeddable":true,"href":"https:\/\/www.messinaoggi.it\/website\/wp-json\/wp\/v2\/categories?post=138502"},{"taxonomy":"post_tag","embeddable":true,"href":"https:\/\/www.messinaoggi.it\/website\/wp-json\/wp\/v2\/tags?post=138502"}],"curies":[{"name":"wp","href":"https:\/\/api.w.org\/{rel}","templated":true}]}}