{"id":138487,"date":"2023-01-20T07:56:08","date_gmt":"2023-01-20T06:56:08","guid":{"rendered":"http:\/\/www.messinaoggi.it\/website\/?p=138487"},"modified":"2023-01-20T07:56:23","modified_gmt":"2023-01-20T06:56:23","slug":"a18-quando-riprendono-i-lavori-nella-galleria-letojanni","status":"publish","type":"post","link":"https:\/\/www.messinaoggi.it\/website\/2023\/01\/20\/a18-quando-riprendono-i-lavori-nella-galleria-letojanni\/","title":{"rendered":"A18, quando riprendono i lavori nella galleria Letojanni?"},"content":{"rendered":"\n<p>Sicilia Vera e Sud chiama Nord hanno presentato un&#8217;interrogazione urgente e richiesta di audizione in IV commissione in merito alla\u00a0mancata ripresa e conclusione delle attivit\u00e0 lavorative inerenti i \u201cLavori di messa in sicurezza del nastro autostradale a seguito dei fenomeni dissestativi che hanno interessato il versante in corrispondenza della progressiva chilometrica 32+700 dell\u2019A18 Messina \u2013 Catania\u201d nel territorio di Letojanni.<div id=\"div-gpt-ad-Messinaoggi.it-DSK-300x250-corpoart\" style=\"text-align:center;margin:0 auto;\"><\/div><\/p>\n\n\n\n<p>Con una nota indirizzata al Presidente della Regione, Renato Schifani, Commissario di Governo contro il dissesto idrogeologico della Regione Siciliana ex Legibus n. 116\/2014 e n. 164\/2014, all\u2019assessorato regionale alle Infrastrutture e al Dipartimento Regionale delle Protezione Civile, Sicilia Vera e Sud chiama Nord tornano a chiedere chiarimenti sulla situazione in cui versa quel tratto dell\u2019A18.<div id=\"videoincontent\" style=\"clear:both\";><\/div><\/p>\n\n\n\n<p>E chiarimenti vengono chiesti anche in merito\u00a0alla\u00a0<a rel=\"noreferrer noopener\" target=\"_blank\">sottoscrizione della Convenzione da stipulare tra il Consorzio delle Autostrade Siciliane ed il Commissario di Governo<\/a>\u00a0contro il dissesto Idrogeologico della Regione Siciliana, richiesta dal Ministero delle Infrastrutture e Mobilit\u00e0 Sostenibili (MIMS) nella sua qualit\u00e0 di Ente Concedente dell\u2019infrastruttura viaria.<\/p>\n\n\n\n<p>\u201cLa situazione di stallo in corso &#8211; afferma il deputato Lombardo, primo firmatario dell\u2019interrogazione &#8211; oltre che presagire drammaticamente un allungamento ulteriore dei tempi di conclusione delle opere con il ripristino delle normali attivit\u00e0 (bloccate da oltre 7 anni ovvero sin dal giorno della frana del 5 ottobre 2015), determinando uno stato di disservizio dell\u2019utenza che incide quotidianamente sulle attivit\u00e0 e sulla mobilit\u00e0 di buona parte della Regione Sicilia, mantiene uno stato di pericolo incombente sul transito in corso, determinato dalla parzializzazione anche dell\u2019unica carreggiata (quella di valle) funzionante con numerosi sinistri ai veicoli in transito registrati nel lungo lasso di tempo oramai trascorso.<\/p>\n\n\n\n<p>La ripresa dei lavori &#8211; prosegue Lombardo &#8211; non appare pi\u00f9 procrastinabile per far s\u00ec che nella prossima stagione estiva di intenso traffico anche dell\u2019utenza di tipo turistico, tale fondamentale arteria autostradale sia riportata dopo oltre 7 anni alla sua normalit\u00e0.<\/p>\n\n\n\n<p>Oggi &#8211; afferma Lombardo &#8211; si ha la necessit\u00e0 di conoscere una data certa di ripresa dei lavori, cos\u00ec da dare al territorio una risposta certa per la programmazione del ripristino delle attivit\u00e0 ordinarie, cos\u00ec pesantemente mortificate dai ritardi accumulati per la realizzazione delle opere. Ecco perch\u00e9, ha concluso il deputato di Sicilia Vera, oggi abbiamo presentato una interrogazione e abbiamo chiesto una audizione urgente in IV commissione per avere risposte concrete. Il territorio \u00e8 mortificato da questa situazione che \u00e8 diventata il simbolo dell\u2019immobilismo politico e della lungaggine burocratica che tiene ostaggio i cittadini in attesa da ben 7 anni ormai di vedere risolta una situazione di disagio che oltretutto, come detto, non consente di percorrere quel tratto autostradale in sicurezza. Ci aspettiamo risposte, ma soprattutto ci aspettiamo che si passi dalle parole ai fatti.\u201d<\/p>\n","protected":false},"excerpt":{"rendered":"<p>Sicilia Vera e Sud chiama Nord hanno presentato un&#8217;interrogazione urgente e richiesta di audizione in IV commissione in merito alla\u00a0mancata ripresa e conclusione delle attivit\u00e0 lavorative inerenti i \u201cLavori di messa in sicurezza del nastro autostradale a seguito dei fenomeni dissestativi che hanno interessato il versante in corrispondenza della progressiva chilometrica 32+700 dell\u2019A18 Messina \u2013 [&hellip;]<\/p>\n","protected":false},"author":4,"featured_media":71331,"comment_status":"open","ping_status":"open","sticky":false,"template":"","format":"standard","meta":{"ub_ctt_via":"","_mi_skip_tracking":false},"categories":[13,15],"tags":[575,576],"featured_image_src":"https:\/\/www.messinaoggi.it\/website\/wp-content\/uploads\/2021\/07\/cantiere.jpg","author_info":{"display_name":"redme","author_link":"https:\/\/www.messinaoggi.it\/website\/author\/redme\/"},"digistream_id":0,"digistream":false,"_links":{"self":[{"href":"https:\/\/www.messinaoggi.it\/website\/wp-json\/wp\/v2\/posts\/138487"}],"collection":[{"href":"https:\/\/www.messinaoggi.it\/website\/wp-json\/wp\/v2\/posts"}],"about":[{"href":"https:\/\/www.messinaoggi.it\/website\/wp-json\/wp\/v2\/types\/post"}],"author":[{"embeddable":true,"href":"https:\/\/www.messinaoggi.it\/website\/wp-json\/wp\/v2\/users\/4"}],"replies":[{"embeddable":true,"href":"https:\/\/www.messinaoggi.it\/website\/wp-json\/wp\/v2\/comments?post=138487"}],"version-history":[{"count":1,"href":"https:\/\/www.messinaoggi.it\/website\/wp-json\/wp\/v2\/posts\/138487\/revisions"}],"predecessor-version":[{"id":138488,"href":"https:\/\/www.messinaoggi.it\/website\/wp-json\/wp\/v2\/posts\/138487\/revisions\/138488"}],"wp:featuredmedia":[{"embeddable":true,"href":"https:\/\/www.messinaoggi.it\/website\/wp-json\/wp\/v2\/media\/71331"}],"wp:attachment":[{"href":"https:\/\/www.messinaoggi.it\/website\/wp-json\/wp\/v2\/media?parent=138487"}],"wp:term":[{"taxonomy":"category","embeddable":true,"href":"https:\/\/www.messinaoggi.it\/website\/wp-json\/wp\/v2\/categories?post=138487"},{"taxonomy":"post_tag","embeddable":true,"href":"https:\/\/www.messinaoggi.it\/website\/wp-json\/wp\/v2\/tags?post=138487"}],"curies":[{"name":"wp","href":"https:\/\/api.w.org\/{rel}","templated":true}]}}