{"id":138471,"date":"2023-01-19T21:07:52","date_gmt":"2023-01-19T20:07:52","guid":{"rendered":"https:\/\/www.messinaoggi.it\/website\/2023\/01\/19\/sul-tema-dellenergia-levento-la-ripartenza-di-nicola-porro\/"},"modified":"2023-01-19T21:07:52","modified_gmt":"2023-01-19T20:07:52","slug":"sul-tema-dellenergia-levento-la-ripartenza-di-nicola-porro","status":"publish","type":"post","link":"https:\/\/www.messinaoggi.it\/website\/2023\/01\/19\/sul-tema-dellenergia-levento-la-ripartenza-di-nicola-porro\/","title":{"rendered":"Sul tema dell\u2019energia l\u2019evento \u201cLa Ripartenza\u201d di Nicola Porro"},"content":{"rendered":"<div>MILANO (ITALPRESS) &#8211; Si \u00e8 tenuta, presso gli IBM Studios a Milano, la quarta edizione dell&#8217;evento &#8216;La Ripartenza, liberi di pensar\u00e8, nato da un&#8217;idea di Nicola Porro, direttore e fondatore del sito NicolaPorro.it. Un incontro interamente dedicato al tema dell&#8217;energia, con un particolare riferimento alle aziende energivore, al risparmio intelligente, alla sicurezza energetica, passando al ruolo delle reti e al dilemma elettrico sul gas. Ad aprire l&#8217;evento l&#8217;originale rubrica &#8220;Una Zanzara nella zuppa&#8221;, condotta da Porro con Giuseppe Cruciani, una rassegna stampa a quattro mani dai toni liberali, irriverenti e molto apprezzati dal pubblico.<br \/>&#8216;Rivendico la vittoria dell&#8217;Italia nel fissare un price cap sul prezzo del gas, che \u00e8 un &#8216;bazook\u00e0 contro la speculazione &#8211; ha detto Gilberto Pichetto Fratin, ministro dell&#8217;Ambiente e della Sicurezza Energetica -. E&#8217; come fissare il prezzo in borsa e questo ha avuto un effetto immediato, perch\u00e8 gi\u00e0 il 19 dicembre, nel giro di un quarto d&#8217;ora, ho visto scendere i prezzi del gas, che comunque c&#8217;\u00e8 e quindi non si capiva perch\u00e8 dovesse costare cos\u00ec. Alle famiglie diciamo che la bolletta del gas caler\u00e0, gi\u00e0 a partire dalla prossima definizione dei prezzi di Arera. Credo che ci sar\u00e0 una buona diminuzion\u00e8.<br \/>Luigi Ferraris, amministratore delegato Gruppo FS Italiane, ha dichiarato che &#8216;noi come Ferrovie dello Stato movimentiamo il Paese e siamo grandi consumatori di energia, i primi in Italia, con il 2% del consumo nazionale. Abbiamo quindi una grande responsabilit\u00e0 con il fine di contribuire al risparmio energetico. In tal senso, ci siamo dati l&#8217;obiettivo di diventare autoproduttori di energia, il che ci consentir\u00e0 di diventare uno dei maggiori produttori di energia rinnovabile. Gi\u00e0 quest&#8217;anno abbiamo lanciato una gara e dal 2024 inizieremo a generare energia. Si tratta di un investimento che, oltre a produrre un vantaggio aziendale importante, rappresenter\u00e0 un beneficio significativo per tutta la collettivit\u00e0&#8217;.<br \/>Per Simone Demarchi, amministratore delegato di Axpo Italia, &#8216;veniamo da mesi estremamente complicati dal punto di vista dei mercati energetici e dei conseguenti costi che aziende e famiglie hanno dovuto affrontare. Il tessuto economico e sociale italiano, pur con enormi difficolt\u00e0, ha dimostrato ancora una volta di saper prendere le adeguate contromisure anche potendo contare su strumenti innovativi che sono alla base di una strategia energetica vincente per le aziende. E&#8217; un&#8217;ottima premessa per una ripartenza che, sono certo, pu\u00f2 partire da queste basi per un futuro pi\u00f9 consapevole e sostenibil\u00e8.<br \/>Stefano Antonio Donnarumma, Amministratore Delegato e Direttore Generale di Terna, ha spiegato che &#8216;per affrancarsi dal gas importato e abbassare i costi dell&#8217;energia, l&#8217;unica soluzione possibile \u00e8 quella di un massiccio programma di sviluppo delle rinnovabili e di investimenti sulla rete. Serve, pertanto, uno sforzo coordinato in termini di programmazione, semplificazioni autorizzative e realizzazione di infrastrutture elettriche, fondamentali, insieme agli accumuli, per abilitare la transizione energetic\u00e0.<br \/>Secondo Stefano Rebattoni, amministratore delegato di IBM Italia,  &#8216;assistiamo ad un trend evolutivo che vede una sempre maggiore integrazione tra infrastrutture critiche, come quelle relative al settore dell&#8217;energia, e piattaforme digitali. L&#8217;interconnessione tra mondo fisico e mondo digitale, basata su AI, IoT, hybrid cloud e cybersecurity, permette maggiori efficienze, produttivit\u00e0 e flessibilit\u00e0 a vantaggio di imprese e pubbliche amministrazioni. Un &#8220;digitale per il reale&#8221;, al servizio della ripartenza del Paese e della sua sostenibilit\u00e0 economica, ambientale e sociale&#8221;.<br \/>Per Catia Tomasetti, Partner e Leader del Focus Team Energy &amp; Ecological Transition di BonelliErede &#8216;per cogliere efficacemente e tempestivamente la sfida del PNRR ritengo sia fondamentale diffondere maggiormente una cultura delle infrastrutture e quindi un approccio alla realizzazione delle infrastrutture che faciliti l&#8217;accettazione dei progetti da parte delle comunit\u00e0 locali, velocizzi i processi autorizzativi e promuova una migliore gestione della loro implementazione. Per attrarre gli investimenti privati nel settore delle infrastrutture, anche energetiche e in sinergia con i fondi del PNRR, \u00e8 di fondamentale importanza poter garantire la certezza del diritto ed evitare la proliferazione di contenziosi spesso strumentali che disincentivano gli investitori e che hanno un impatto negativo sui tempi di realizzazione e sul successo dei progett\u00ec.<br \/>Secondo Michele Crisostomo, presidente di Enel, &#8216;il dato interessante ci dice che \u00e8 esponenzialmente cresciuto il numero delle richieste di allaccio alla rete da parte di famiglie e imprese. Abbiamo vissuto una crisi energetica e questo ha fatto s\u00ec che si prendesse coscienza della volatilit\u00e0 e dell&#8217;aumento dei prezzi. In tal senso, gli italiani stanno assecondando questo cambiamento verso una transizione energetica. Inoltre, abbiamo in cantiere investimenti con progetti aggiudicati in ambito PNRR per la rete elettrica, da realizzarsi entro i due anni che ci attendono o quantomeno in un orizzonte temporale, al 2026&#8243;.<br \/>Fabrizio Di Amato, Presidente di Maire Tecnimont, ha evidenziato che &#8216;le condizioni per la ripartenza ci sono. E&#8217; stato chiuso il 2022 con un PIL buono, non registrato negli ultimi anni. Per i temi energetici sicuramente siamo in una fase pi\u00f9 critica, ma le condizioni per una ripresa ci sono. E&#8217; chiaro che non bisogna aspettare, ci deve essere fiducia tra istituzioni e imprese e avere una visione di lungo periodo. Il settore energetico ha bisogno di una pianificazione di breve, medio e lungo periodo. Solo cos\u00ec si possono prevedere i fenomeni. Il nostro sistema, rispetto all&#8217;Europa, non \u00e8 messo male e questo ci consente di guardare con un p\u00f2 pi\u00f9 di ottimismo. E&#8217; chiaro che bisogna lavorare sulla transizione energetica e sui settori in cui siamo leader. Credo fermamente che l&#8217;idrogeno sar\u00e0 il vettore del futuro, se dovessi immaginare la sostituzione dei carburanti fossili lo immaginerei con l&#8217;idrogeno. C&#8217;\u00e8 ancora lavoro da fare, \u00e8 ovvio, ma in futuro potrebbe sostenere la domanda&#8221;.<br \/>Secondo Mauro Micillo, Responsabile IMI Corporate &amp; Investment Banking di Intesa Sanpaolo, &#8216;il nostro mestiere \u00e8 quello di dare finanziamenti a quei progetti che sono compatibili con i nostri principi. In questi anni abbiamo lavorato per dare concretezza alla sostenibilit\u00e0. Chiaramente serve una cultura per la sostenibilit\u00e0 e la transizione. Due temi che sono parte del nostro processo di valutazione creditizia. Le aziende che percorrono il sentiero della transizione e della sostenibilit\u00e0 hanno minori rischi. E noi lo avevamo intuito gi\u00e0 da temp\u00f2.<br \/>Per Renato Mazzoncini, amministratore delegato e direttore generale di A2A &#8216;la previsione del calo del costo del gas non deve indurre a un eccessivo ottimismo. Occorre, infatti, prendere in considerazione i fattori climatici, con un inverno fino ad ora particolarmente mite, gli stoccaggi pieni e il calo della produzione industriale. La prospettiva deve essere quella di renderci il pi\u00f9 possibile autonomi dal punto di vista energetico. Oggi siamo riusciti a renderci indipendenti dal gas russo, ma lo siamo ancora rispetto ad altri Paesi politicamente instabili. L&#8217;Europa ha mantenuto la barra dritta sul tema della transizione e della sicurezza energetica. La nostra azienda sta lavorando sia su questo versante sia su quello dell&#8217;economia circolare. Servono investimenti importanti e infrastrutture adeguate per far s\u00ec che il nostro Paese si trovi in una situazione migliore rispetto a quella attual\u00e8.<br \/>Tra gli altri, hanno preso parte all&#8217;evento: Francesca Teutonico, Head of Marketing IBM Italia; Mario Abbadessa, Senior Managing Director &amp; Country Head Hines Italy; Paolo Scaroni, Deputy Chairman di Rothschild &amp; Co.; Tommaso Ferrario, Partner fondatore di AMTF Avvocati; Vittorio Sgarbi, Sottosegretario di Stato alla Cultura e critico d&#8217;arte; l&#8217;imprenditore Donato Coppi; Filippo Ghirelli, Executive Chairman &amp; Founder at Genera Group; Lucia Leonessi, Direttore Generale Confindustria Cisambiente; Davide Tabarelli, Fondatore e Presidente di Nomisma Energia; Stefano Saglia, Consigliere di ARERA; Gianfilippo Mancini, CEO di Sorgenia.<br \/>Il primo marzo \u00e8 in programma DigiGreen Day, l&#8217;evento di IBM dedicato alla sostenibilit\u00e0 non solo ambientale, ma anche economica e sociale. DigiGreen Day nasce dall&#8217;idea di creare aggregazione e confronto per affrontare con senso di urgenza le importanti sfide che abbiamo di fronte: efficientamento energetico, cambiamenti climatici, crisi delle catene di produzione e inflazione. Media partner: Tgcom24 e IlGiornale.it. L&#8217;ufficio stampa dell&#8217;evento \u00e8 stato curato da Ital Communications di Attilio Lombardi. <div id=\"div-gpt-ad-Messinaoggi.it-DSK-300x250-corpoart\" style=\"text-align:center;margin:0 auto;\"><\/div><\/p>\n<p>&#8211; foto ufficio stampa Ital Communications &#8211;<br \/>(ITALPRESS).<\/div>\n<div id=\"videoincontent\" style=\"clear:both\";><\/div>","protected":false},"excerpt":{"rendered":"<p>MILANO (ITALPRESS) &#8211; Si \u00e8 tenuta, presso gli IBM Studios a Milano, la quarta edizione dell&#8217;evento &#8216;La Ripartenza, liberi di pensar\u00e8, nato da un&#8217;idea di Nicola Porro, direttore e fondatore del sito NicolaPorro.it. Un incontro interamente dedicato al tema dell&#8217;energia, con un particolare riferimento alle aziende energivore, al risparmio intelligente, alla sicurezza energetica, passando al [&hellip;]<\/p>\n","protected":false},"author":18,"featured_media":138472,"comment_status":"closed","ping_status":"closed","sticky":false,"template":"","format":"standard","meta":{"ub_ctt_via":"","_mi_skip_tracking":false},"categories":[446],"tags":[783],"featured_image_src":"https:\/\/www.messinaoggi.it\/website\/wp-content\/uploads\/2023\/01\/20230119_2248.jpg","author_info":{"display_name":"Admin","author_link":"https:\/\/www.messinaoggi.it\/website\/author\/admin\/"},"digistream_id":0,"digistream":false,"_links":{"self":[{"href":"https:\/\/www.messinaoggi.it\/website\/wp-json\/wp\/v2\/posts\/138471"}],"collection":[{"href":"https:\/\/www.messinaoggi.it\/website\/wp-json\/wp\/v2\/posts"}],"about":[{"href":"https:\/\/www.messinaoggi.it\/website\/wp-json\/wp\/v2\/types\/post"}],"author":[{"embeddable":true,"href":"https:\/\/www.messinaoggi.it\/website\/wp-json\/wp\/v2\/users\/18"}],"replies":[{"embeddable":true,"href":"https:\/\/www.messinaoggi.it\/website\/wp-json\/wp\/v2\/comments?post=138471"}],"version-history":[{"count":0,"href":"https:\/\/www.messinaoggi.it\/website\/wp-json\/wp\/v2\/posts\/138471\/revisions"}],"wp:featuredmedia":[{"embeddable":true,"href":"https:\/\/www.messinaoggi.it\/website\/wp-json\/wp\/v2\/media\/138472"}],"wp:attachment":[{"href":"https:\/\/www.messinaoggi.it\/website\/wp-json\/wp\/v2\/media?parent=138471"}],"wp:term":[{"taxonomy":"category","embeddable":true,"href":"https:\/\/www.messinaoggi.it\/website\/wp-json\/wp\/v2\/categories?post=138471"},{"taxonomy":"post_tag","embeddable":true,"href":"https:\/\/www.messinaoggi.it\/website\/wp-json\/wp\/v2\/tags?post=138471"}],"curies":[{"name":"wp","href":"https:\/\/api.w.org\/{rel}","templated":true}]}}