{"id":13842,"date":"2018-01-03T12:19:10","date_gmt":"2018-01-03T11:19:10","guid":{"rendered":"http:\/\/www.messinaoggi.it\/website\/?p=13842"},"modified":"2018-01-03T12:19:10","modified_gmt":"2018-01-03T11:19:10","slug":"musumeci-emergenza-rifiuti-senza-precedenti-grave-la-situazione-a-bellolampo","status":"publish","type":"post","link":"https:\/\/www.messinaoggi.it\/website\/2018\/01\/03\/musumeci-emergenza-rifiuti-senza-precedenti-grave-la-situazione-a-bellolampo\/","title":{"rendered":"Musumeci: &quot;Sui rifiuti chieder\u00f2 lo stato di emergenza&quot;"},"content":{"rendered":"<p>&#8220;Dopo trenta giorni di attivit\u00e0 del governo credo di poter dire che la situazione della gestione dei rifiuti in Sicilia \u00e8 assai grave. Parlare di emergenza di fronte a un problema che si trascina da vent&#8217;anni \u00e8 fare un torto alla lingua italiana. Preferisco usare un ossimoro, un&#8217;emergenza strutturata&#8221;. Lo ha detto il governatore siciliano, Nello\u00a0Musumeci, incontrando i giornalisti a Palazzo d&#8217;Orleans, pronto a chiedere lo stato di emergenza\u00a0\u00a0ambientale limitatamente alla discarica di Bellolampo ed all&#8217;intervento sui comuni inadempienti.<br \/>\n&#8220;Il problema dei rifiuti \u00e8 Bellolampo, l&#8217;emergenza pi\u00f9 grave; tra un mese se nulla cambia la Sicilia occidentale non avr\u00e0 pi\u00f9 dove scaricare i rifiuti. Bellolampo &#8211; ha spiegato Musumeci &#8211; \u00e8 una discarica pubblica attivata nel 2013 dal commissario per l&#8217;emergenza Marco Lupo. La sesta vasca \u00e8 colma &#8211; ha aggiunto &#8211; bisogna intervenire per trovare spazio o attivare la vasca settima ma per farlo secondo i tecnici servono sette mesi. Questa situazione non pu\u00f2 essere risolta con strumenti ordinari.<br \/>\nDa vent&#8217;anni &#8211; ha aggiunto &#8211; la politica siciliana prova a risolvere il problema dei rifiuti invocando lo stato di emergenza&#8221;.<br \/>\nE citando i predecessori degli ultimi 20 anni da &#8220;Capodicasa a Crocetta, passando per Cuffaro e Lombardo, e&#8217; mai possibile che si siano invocati poteri speciali senza che si sia risolto il problema? Chi doveva fare la sua parte non l&#8217;ha fatto ed \u00e8 inutile invocare la vicenda degli Ato e delle Srr&#8221;.<br \/>\n<strong>Differenziata ferma al 15%.<\/strong>\u00a0&#8220;Noi portiamo in discarica l&#8217;80% dei rifiuti, la Lombardia il 4%, il Veneto il 10% &#8211; ha aggiunto Musumeci -. In Sicilia siamo al 15% di differenziata&#8221;. Il presidente della Regione ha anche evidenziato come sono &#8220;un centinaio i comuni che superano il 50% di differenziata ma ne restano altri 290&#8221; e ha aggiunto: &#8220;la cosa pi\u00f9 grave \u00e8 che a non fare la differenziata sono le citt\u00e0 metropolitane di Palermo,\u00a0Messina\u00a0e Catania&#8221;.<div id=\"div-gpt-ad-Messinaoggi.it-DSK-300x250-corpoart\" style=\"text-align:center;margin:0 auto;\"><\/div><\/p>\n<div id=\"videoincontent\" style=\"clear:both\";><\/div>","protected":false},"excerpt":{"rendered":"<p>&#8220;Dopo trenta giorni di attivit\u00e0 del governo credo di poter dire che la situazione della gestione dei rifiuti in Sicilia \u00e8 assai grave. Parlare di emergenza di fronte a un problema che si trascina da vent&#8217;anni \u00e8 fare un torto alla lingua italiana. Preferisco usare un ossimoro, un&#8217;emergenza strutturata&#8221;. Lo ha detto il governatore siciliano, [&hellip;]<\/p>\n","protected":false},"author":2,"featured_media":13843,"comment_status":"closed","ping_status":"open","sticky":false,"template":"","format":"standard","meta":{"ub_ctt_via":"","_mi_skip_tracking":false},"categories":[11],"tags":[],"featured_image_src":"https:\/\/www.messinaoggi.it\/website\/wp-content\/uploads\/2018\/01\/discarica-bellolampo-rifiuti-1.jpg","author_info":{"display_name":"Redazione","author_link":"https:\/\/www.messinaoggi.it\/website\/author\/redazione\/"},"digistream_id":0,"digistream":false,"_links":{"self":[{"href":"https:\/\/www.messinaoggi.it\/website\/wp-json\/wp\/v2\/posts\/13842"}],"collection":[{"href":"https:\/\/www.messinaoggi.it\/website\/wp-json\/wp\/v2\/posts"}],"about":[{"href":"https:\/\/www.messinaoggi.it\/website\/wp-json\/wp\/v2\/types\/post"}],"author":[{"embeddable":true,"href":"https:\/\/www.messinaoggi.it\/website\/wp-json\/wp\/v2\/users\/2"}],"replies":[{"embeddable":true,"href":"https:\/\/www.messinaoggi.it\/website\/wp-json\/wp\/v2\/comments?post=13842"}],"version-history":[{"count":0,"href":"https:\/\/www.messinaoggi.it\/website\/wp-json\/wp\/v2\/posts\/13842\/revisions"}],"wp:featuredmedia":[{"embeddable":true,"href":"https:\/\/www.messinaoggi.it\/website\/wp-json\/wp\/v2\/media\/13843"}],"wp:attachment":[{"href":"https:\/\/www.messinaoggi.it\/website\/wp-json\/wp\/v2\/media?parent=13842"}],"wp:term":[{"taxonomy":"category","embeddable":true,"href":"https:\/\/www.messinaoggi.it\/website\/wp-json\/wp\/v2\/categories?post=13842"},{"taxonomy":"post_tag","embeddable":true,"href":"https:\/\/www.messinaoggi.it\/website\/wp-json\/wp\/v2\/tags?post=13842"}],"curies":[{"name":"wp","href":"https:\/\/api.w.org\/{rel}","templated":true}]}}