{"id":138325,"date":"2023-01-19T07:00:05","date_gmt":"2023-01-19T06:00:05","guid":{"rendered":"http:\/\/www.messinaoggi.it\/website\/?p=138325"},"modified":"2023-01-19T10:51:36","modified_gmt":"2023-01-19T09:51:36","slug":"ponte-germana-la-sicilia-merita-crescita","status":"publish","type":"post","link":"https:\/\/www.messinaoggi.it\/website\/2023\/01\/19\/ponte-germana-la-sicilia-merita-crescita\/","title":{"rendered":"Ponte, German\u00e0: &#8220;La Sicilia merita crescita&#8221;"},"content":{"rendered":"\n<p>&#8220;L&#8217;arresto di Messina Denaro rappresenta la vittoria di una battaglia e dimostra che le cose possono cambiare. Ha, inoltre, un duplice significato perch\u00e9 la mafia si nutre di sottosviluppo, mentre la Sicilia ha bisogno e merita la crescita. In quest&#8217;ultima direzione va il progetto portato avanti dal vicepremier e ministro delle Infrastrutture e dei Trasporti Matteo Salvini che prevede, tra le priorit\u00e0, la realizzazione del Ponte sullo Stretto&#8221;. \u00c8 quanto dichiarato dal senatore siciliano Nino German\u00e0, vicepresidente del Gruppo Lega a Palazzo Madama e segretario in commissione Ambiente, Transizione ecologica, Energia, Lavori pubblici, Comunicazioni e Innovazione tecnologica.<div id=\"div-gpt-ad-Messinaoggi.it-DSK-300x250-corpoart\" style=\"text-align:center;margin:0 auto;\"><\/div><\/p>\n\n\n\n<p>&#8220;Un atto concreto &#8211; prosegue &#8211; che permetterebbe benessere alla Sicilia e a tutto il meridione. E, finalmente, grazie a questo governo, si sta ribadendo la solida presenza dello Stato e si sta favorendo lo sviluppo e l&#8217;emancipazione del Sud&#8221;.<div id=\"videoincontent\" style=\"clear:both\";><\/div><\/p>\n","protected":false},"excerpt":{"rendered":"<p>&#8220;L&#8217;arresto di Messina Denaro rappresenta la vittoria di una battaglia e dimostra che le cose possono cambiare. Ha, inoltre, un duplice significato perch\u00e9 la mafia si nutre di sottosviluppo, mentre la Sicilia ha bisogno e merita la crescita. In quest&#8217;ultima direzione va il progetto portato avanti dal vicepremier e ministro delle Infrastrutture e dei Trasporti [&hellip;]<\/p>\n","protected":false},"author":8,"featured_media":2254,"comment_status":"open","ping_status":"open","sticky":false,"template":"","format":"standard","meta":{"ub_ctt_via":"","_mi_skip_tracking":false},"categories":[19],"tags":[1082,630],"featured_image_src":"https:\/\/www.messinaoggi.it\/website\/wp-content\/uploads\/2017\/06\/Ponte-Stretto-1-2.jpg","author_info":{"display_name":"red..me","author_link":"https:\/\/www.messinaoggi.it\/website\/author\/redstage\/"},"digistream_id":0,"digistream":false,"_links":{"self":[{"href":"https:\/\/www.messinaoggi.it\/website\/wp-json\/wp\/v2\/posts\/138325"}],"collection":[{"href":"https:\/\/www.messinaoggi.it\/website\/wp-json\/wp\/v2\/posts"}],"about":[{"href":"https:\/\/www.messinaoggi.it\/website\/wp-json\/wp\/v2\/types\/post"}],"author":[{"embeddable":true,"href":"https:\/\/www.messinaoggi.it\/website\/wp-json\/wp\/v2\/users\/8"}],"replies":[{"embeddable":true,"href":"https:\/\/www.messinaoggi.it\/website\/wp-json\/wp\/v2\/comments?post=138325"}],"version-history":[{"count":1,"href":"https:\/\/www.messinaoggi.it\/website\/wp-json\/wp\/v2\/posts\/138325\/revisions"}],"predecessor-version":[{"id":138326,"href":"https:\/\/www.messinaoggi.it\/website\/wp-json\/wp\/v2\/posts\/138325\/revisions\/138326"}],"wp:featuredmedia":[{"embeddable":true,"href":"https:\/\/www.messinaoggi.it\/website\/wp-json\/wp\/v2\/media\/2254"}],"wp:attachment":[{"href":"https:\/\/www.messinaoggi.it\/website\/wp-json\/wp\/v2\/media?parent=138325"}],"wp:term":[{"taxonomy":"category","embeddable":true,"href":"https:\/\/www.messinaoggi.it\/website\/wp-json\/wp\/v2\/categories?post=138325"},{"taxonomy":"post_tag","embeddable":true,"href":"https:\/\/www.messinaoggi.it\/website\/wp-json\/wp\/v2\/tags?post=138325"}],"curies":[{"name":"wp","href":"https:\/\/api.w.org\/{rel}","templated":true}]}}