{"id":138299,"date":"2023-01-18T19:02:51","date_gmt":"2023-01-18T18:02:51","guid":{"rendered":"https:\/\/www.messinaoggi.it\/website\/2023\/01\/18\/messina-denaro-procuratore-de-lucia-ho-avuto-un-brevissimo-colloquio-col-boss\/"},"modified":"2023-01-18T19:02:51","modified_gmt":"2023-01-18T18:02:51","slug":"messina-denaro-procuratore-de-lucia-ho-avuto-un-brevissimo-colloquio-col-boss","status":"publish","type":"post","link":"https:\/\/www.messinaoggi.it\/website\/2023\/01\/18\/messina-denaro-procuratore-de-lucia-ho-avuto-un-brevissimo-colloquio-col-boss\/","title":{"rendered":"Messina Denaro, procuratore De Lucia \u201cHo avuto un brevissimo colloquio col boss\u201d"},"content":{"rendered":"<div>\n<p>PALERMO (ITALPRESS) \u2013 \u201cHo avuto un brevissimo incontro con Matteo Messina Denaro per verificare le sue condizioni cliniche, gli ho assicurato quello che lo Stato deve assicurargli, vale a dire la piena assistenza medica. Ha preso atto e ha ringraziato, ma \u00e8 stato un colloquio davvero di pochi minuti\u201d. Queste le parole del procuratore capo di Palermo, Maurizio De Lucia, a Metropolis del Gruppo Gedi in merito alla cattura di Matteo Messina Denaro: \u201cHo lavorato per trent\u2019anni nell\u2019antimafia \u2013 ha ricordato \u2013 Trent\u2019anni per la cattura di un boss latitante sono tanti, ma si \u00e8 lavorato. C\u2019\u00e8 stata un\u2019accelerazione importante che ha consentito di mettere tutti i pezzi insieme e di riuscire a fare quello che non si era riusciti a fare prima\u201d.<br \/>In merito alle opinioni che circolano secondo le quali il boss Matteo Messina Denaro si sia voluto consegnare spontaneamente e che ci possa essere dietro un patto che coinvolge i Graviano, \u201cnon esiste ombra di un elemento che possa consentirci di pensare questa cosa. L\u2019indagine \u00e8 stata scientifica, portata avanti dai Ros, non c\u2019\u00e8 alcun segnale in tal senso. Mi aspettavo per\u00f2 qualche commento di questo tipo, ci avrei scommesso. In Italia ognuno ha il diritto di esprimere sua opinione\u201d, ha sottolineato il procuratore capo di Palermo, Maurizio De Lucia. \u201cLe indagini ci hanno portato verso la direzione della clinica, avevamo elementi che ci dicevano che in un dato giorno e data ora lo avremmo trovato l\u00ec \u2013 ha aggiunto il pm \u2013 E\u2019 chiaro che non \u00e8 possibile che a Campobello di Mazara nessuno lo avesse riconosciuto, ma \u00e8 meno clamoroso di quanto non appaia, quando conosciamo un volto tutti sanno dire poi chi era, prima era pi\u00f9 complicato, ma \u00e8 chiaro che ci stiamo lavorando. Capisco l\u2019opinione pubblica, ma non mi stupisce che si sia fatto persino dei selfie \u2013 ha spiegato \u2013 Gli piace molto comparire, aveva un orologio che pochi possono permettersi. Non appartiene alla generazione dei capimafia precedenti, \u00e8 un sessantenne giovane a cui piace la vita, non mi ha sorpreso \u2013 ha concluso \u2013 Non conoscendo l\u2019identit\u00e0 del personaggio il rischio che venisse identificato non era altissimo\u201d.<br \/>credit photo agenziafotogramma.it <br \/>(ITALPRESS).<div id=\"div-gpt-ad-Messinaoggi.it-DSK-300x250-corpoart\" style=\"text-align:center;margin:0 auto;\"><\/div><\/p>\n<\/div>\n<div id=\"videoincontent\" style=\"clear:both\";><\/div>","protected":false},"excerpt":{"rendered":"<p>PALERMO (ITALPRESS) \u2013 \u201cHo avuto un brevissimo incontro con Matteo Messina Denaro per verificare le sue condizioni cliniche, gli ho assicurato quello che lo Stato deve assicurargli, vale a dire la piena assistenza medica. Ha preso atto e ha ringraziato, ma \u00e8 stato un colloquio davvero di pochi minuti\u201d. Queste le parole del procuratore capo [&hellip;]<\/p>\n","protected":false},"author":18,"featured_media":138300,"comment_status":"closed","ping_status":"closed","sticky":false,"template":"","format":"standard","meta":{"ub_ctt_via":"","_mi_skip_tracking":false},"categories":[2449],"tags":[783],"featured_image_src":"https:\/\/www.messinaoggi.it\/website\/wp-content\/uploads\/2023\/01\/20230118_2315.jpg","author_info":{"display_name":"Admin","author_link":"https:\/\/www.messinaoggi.it\/website\/author\/admin\/"},"digistream_id":0,"digistream":false,"_links":{"self":[{"href":"https:\/\/www.messinaoggi.it\/website\/wp-json\/wp\/v2\/posts\/138299"}],"collection":[{"href":"https:\/\/www.messinaoggi.it\/website\/wp-json\/wp\/v2\/posts"}],"about":[{"href":"https:\/\/www.messinaoggi.it\/website\/wp-json\/wp\/v2\/types\/post"}],"author":[{"embeddable":true,"href":"https:\/\/www.messinaoggi.it\/website\/wp-json\/wp\/v2\/users\/18"}],"replies":[{"embeddable":true,"href":"https:\/\/www.messinaoggi.it\/website\/wp-json\/wp\/v2\/comments?post=138299"}],"version-history":[{"count":0,"href":"https:\/\/www.messinaoggi.it\/website\/wp-json\/wp\/v2\/posts\/138299\/revisions"}],"wp:featuredmedia":[{"embeddable":true,"href":"https:\/\/www.messinaoggi.it\/website\/wp-json\/wp\/v2\/media\/138300"}],"wp:attachment":[{"href":"https:\/\/www.messinaoggi.it\/website\/wp-json\/wp\/v2\/media?parent=138299"}],"wp:term":[{"taxonomy":"category","embeddable":true,"href":"https:\/\/www.messinaoggi.it\/website\/wp-json\/wp\/v2\/categories?post=138299"},{"taxonomy":"post_tag","embeddable":true,"href":"https:\/\/www.messinaoggi.it\/website\/wp-json\/wp\/v2\/tags?post=138299"}],"curies":[{"name":"wp","href":"https:\/\/api.w.org\/{rel}","templated":true}]}}