{"id":13824,"date":"2018-01-03T09:08:42","date_gmt":"2018-01-03T08:08:42","guid":{"rendered":"http:\/\/www.messinaoggi.it\/website\/?p=13824"},"modified":"2018-01-03T09:08:42","modified_gmt":"2018-01-03T08:08:42","slug":"isole-ecologiche-chiuse-calabro-i-motivi-sono-tanti","status":"publish","type":"post","link":"https:\/\/www.messinaoggi.it\/website\/2018\/01\/03\/isole-ecologiche-chiuse-calabro-i-motivi-sono-tanti\/","title":{"rendered":"Isole ecologiche chiuse, Calabr\u00f2: &quot;I motivi sono tanti&quot;"},"content":{"rendered":"<p style=\"text-align: justify\">Tutto chiuso fino al prossimo 8 gennaio, le isole ecologiche (Spart\u00e0, Pace, Tremonti, Gravitelli, Pistunina e Tremestieri) \u00a0chiuderanno i battenti per tutta la settimana, cos\u00ec come annunciato da Messinambiente. Una decisione che per\u00f2 ha suscitato qualche polemica, se non altro perch\u00e9 la motivazione ufficiale non sembra convincere al cento per cento.<div id=\"div-gpt-ad-Messinaoggi.it-DSK-300x250-corpoart\" style=\"text-align:center;margin:0 auto;\"><\/div><\/p>\n<p style=\"text-align: justify\">Un riaggiornamento del sistema operativo, ecco cosa avrebbe spinto Messinambiente a chiudere gli impianti: <em>\u201cI motivi sono molteplici \u2013 ha commentato il commissario liquidatore, Giovanni Calabr\u00f2 \u2013 il riaggiornamento del sistema operativo \u00e8 uno di questi. Per\u00f2 non si negare che ci siano dei problemi, il solo impianto di Pace a stento riesce a soddisfare il fabbisogno cittadino. Infine si \u00e8 rotto un pistone della pressa centrale di Pace, cos\u00ec deve passare qualche giorno prima che si possa mettere il pezzo nuovo\u201d<\/em>.<div id=\"videoincontent\" style=\"clear:both\";><\/div><\/p>\n<p style=\"text-align: justify\">Nonostante le croniche difficolt\u00e0 con cui si \u00e8 costretti a fare i conti, Calabr\u00f2 si dice soddisfatto di come \u00e8 stato affrontato il sovraccarico dovuto al Natale ed al Capodanno: <em>\u201cQuelli sono i giorni in cui i rifiuti vengono moltiplicati in modo esponenziale, ma \u00e8 normale. Possiamo per\u00f2 essere soddisfatti di come \u00e8 stata affrontata questa fase, non credo che la citt\u00e0 ne abbia risentito quindi sono contento del servizio offerto. Da qui la decisione di chiudere i centri di raccolta \u00a0in concomitanza dell\u2019Epifania, ci sembra di correre un rischio calcolato senza che la cittadinanza possa avere delle conseguenze\u201d<\/em>.<\/p>\n<p style=\"text-align: justify\">Quindi chi ha del materiale differenziato da buttare dovr\u00e0 pazientare qualche giorno, ma Calabr\u00f2 torna a parlare dell\u2019impianto di selezione dell\u2019Ato 3 a Pace tenuto in naftalina e che risolverebbe parecchi problemi: <em>\u201cAffidarlo a Messinambiente \u00a0non sarebbe difficile, basterebbe un\u2019ordinanza sindacale. Noi abbiamo inoltrato l\u2019ultima richiesta lo scorso 28 dicembre. Un\u2019altra strada potrebbe essere una concessione attraverso un accordo tra noi e l\u2019Ato 3, esattamente come accaduto per le isole ecologiche che non sono certamente di nostra propriet\u00e0\u201d.<\/em><\/p>\n","protected":false},"excerpt":{"rendered":"<p>Tutto chiuso fino al prossimo 8 gennaio, le isole ecologiche (Spart\u00e0, Pace, Tremonti, Gravitelli, Pistunina e Tremestieri) \u00a0chiuderanno i battenti per tutta la settimana, cos\u00ec come annunciato da Messinambiente. Una decisione che per\u00f2 ha suscitato qualche polemica, se non altro perch\u00e9 la motivazione ufficiale non sembra convincere al cento per cento. Un riaggiornamento del sistema [&hellip;]<\/p>\n","protected":false},"author":1,"featured_media":1633,"comment_status":"closed","ping_status":"open","sticky":false,"template":"","format":"standard","meta":{"ub_ctt_via":"","_mi_skip_tracking":false},"categories":[6],"tags":[],"featured_image_src":"https:\/\/www.messinaoggi.it\/website\/wp-content\/uploads\/2017\/06\/Calabro\u0300-Giovanni-2.jpg","author_info":{"display_name":"admin@admin.com","author_link":"https:\/\/www.messinaoggi.it\/website\/author\/adminadmin-com\/"},"digistream_id":0,"digistream":false,"_links":{"self":[{"href":"https:\/\/www.messinaoggi.it\/website\/wp-json\/wp\/v2\/posts\/13824"}],"collection":[{"href":"https:\/\/www.messinaoggi.it\/website\/wp-json\/wp\/v2\/posts"}],"about":[{"href":"https:\/\/www.messinaoggi.it\/website\/wp-json\/wp\/v2\/types\/post"}],"author":[{"embeddable":true,"href":"https:\/\/www.messinaoggi.it\/website\/wp-json\/wp\/v2\/users\/1"}],"replies":[{"embeddable":true,"href":"https:\/\/www.messinaoggi.it\/website\/wp-json\/wp\/v2\/comments?post=13824"}],"version-history":[{"count":0,"href":"https:\/\/www.messinaoggi.it\/website\/wp-json\/wp\/v2\/posts\/13824\/revisions"}],"wp:featuredmedia":[{"embeddable":true,"href":"https:\/\/www.messinaoggi.it\/website\/wp-json\/wp\/v2\/media\/1633"}],"wp:attachment":[{"href":"https:\/\/www.messinaoggi.it\/website\/wp-json\/wp\/v2\/media?parent=13824"}],"wp:term":[{"taxonomy":"category","embeddable":true,"href":"https:\/\/www.messinaoggi.it\/website\/wp-json\/wp\/v2\/categories?post=13824"},{"taxonomy":"post_tag","embeddable":true,"href":"https:\/\/www.messinaoggi.it\/website\/wp-json\/wp\/v2\/tags?post=13824"}],"curies":[{"name":"wp","href":"https:\/\/api.w.org\/{rel}","templated":true}]}}