{"id":138212,"date":"2023-01-18T11:18:14","date_gmt":"2023-01-18T10:18:14","guid":{"rendered":"http:\/\/www.messinaoggi.it\/website\/?p=138212"},"modified":"2023-01-18T11:18:24","modified_gmt":"2023-01-18T10:18:24","slug":"tre-personali-aprono-il-2023-di-spazio-macos","status":"publish","type":"post","link":"https:\/\/www.messinaoggi.it\/website\/2023\/01\/18\/tre-personali-aprono-il-2023-di-spazio-macos\/","title":{"rendered":"Tre personali aprono il 2023 di Spazio Macos"},"content":{"rendered":"\n<p>Sabato 21 gennaio, alle ore 17.30, nei locali della galleria d\u2019arte Spazio Macos Via Cardines, 16 Messina, si terr\u00e0 il vernissage del primo evento del 2023 che consta di tre mostre\u00a0 personali dai rispettivi titoli:\u00a0<div id=\"div-gpt-ad-Messinaoggi.it-DSK-300x250-corpoart\" style=\"text-align:center;margin:0 auto;\"><\/div><\/p>\n\n\n\n<p><em>Essenza donna<\/em> di Anna Rita Mattei, 25 opere in videoesposizione\u00a0\u00a0\u00a0<div id=\"videoincontent\" style=\"clear:both\";><\/div><\/p>\n\n\n\n<p><em>Innesti<\/em> di Mariella Stirpe, 12 opere in galleria,\u00a0<\/p>\n\n\n\n<p><em>Radici<\/em> di Gabriella Zedda, 25 opere in videoesposizione .\u00a0<\/p>\n\n\n\n<p>Le artiste saranno presentate\u00a0 dalla d.ssa <strong>Mamy Costa <\/strong>che ne ha curato anche l\u2019allestimento e di seguito afferma:\u00a0<\/p>\n\n\n\n<p>\u00a0\u201c<em>MARIELLA STIRPE<\/em>, artista di Palagonia (CT), la cui produzione pittorica sfocia in una consistente informale descrittivit\u00e0 che, sviluppandosi con innesti e rielaborazioni materiche, ne mantiene intatti i fondamenti attraverso un indagare filosoficamente sulle problematiche legate all&#8217;attualit\u00e0 dell&#8217;immagine. Nelle numerose tecniche miste presenti viene cos\u00ec a essere scandagliato un ipotetico universo, raggiungendo esiti di grande peculiarit\u00e0 in alcune pagine in cui materia cromatica e descrittivit\u00e0 segnica appaiono sapientemente dosate all&#8217;interno di campiture che rimandano ad atmosfere calde e suadenti.\u00a0<\/p>\n\n\n\n<p>Invece l&#8217;espressione artistica di <strong><em>ANNA RITA MATTEI<\/em> <\/strong>di Terracina (LT), segue\u00a0 elementi guida importanti e tecnicamente validi per la realizzazione di opere\u00a0\u00a0 di\u00a0\u00a0 indubbio\u00a0\u00a0 valore\u00a0\u00a0 espressivo.\u00a0\u00a0 A\u00a0\u00a0 questa\u00a0\u00a0 sintesi\u00a0\u00a0 \u00e8 pervenuta\u00a0\u00a0 attraverso\u00a0\u00a0 un\u00a0\u00a0 percorso\u00a0\u00a0 formativo\u00a0\u00a0 e\u00a0\u00a0 culturale personale, una ricerca segnica che ne identifica rapidamente le opere e le differenzia, cos\u00ec da molte altre, sia per i temi scelti che\u00a0\u00a0 per\u00a0\u00a0 i\u00a0\u00a0 mezzi\u00a0\u00a0 usati.\u00a0\u00a0 Una\u00a0\u00a0 base\u00a0\u00a0 di\u00a0\u00a0 toni\u00a0\u00a0 cromatici\u00a0\u00a0 forti\u00a0\u00a0 e contrastanti, di impatto visivo chiaro e definito, crea un fondo ideale\u00a0\u00a0 su\u00a0\u00a0 cui\u00a0\u00a0 si\u00a0\u00a0 concretizzano\u00a0\u00a0 e\u00a0\u00a0 si\u00a0\u00a0 sviluppano\u00a0\u00a0 le\u00a0\u00a0 sue composizioni.\u00a0<\/p>\n\n\n\n<p>Infine, osservare le opere di <strong><em>GABRIELLA ZEDDA<\/em>,<\/strong> che vive a Quartu Sant\u2019Elena (CA) , induce ad una riflessione, ad un&#8217;analisi della profonda spiritualit\u00e0 dell&#8217;artista, rivolta ad un mondo intimistico e all&#8217;osservazione della \u201cpersona\u201d, intesa come umanit\u00e0 indifesa, fragile ed esposta alle diuturne emozioni e problematiche. Mondo osservato con amore e partecipazione, facendosi carico delle malinconie e delle gioie altrui con profonda affinit\u00e0 e coinvolgimento emozionale. Ci\u00f2 porta all&#8217;osservazione ed all&#8217;analisi di ogni aspetto della vita, da quello visibile, a quello intimo e nascosto, celato per pudore o ritrosia, che l&#8217;artista sa esplorare e disvelare con arte.\u00a0\u00a0<\/p>\n\n\n\n<p>Tre artiste, tre mondi da osservare, studiare soffermandosi su soggetti e stili\u00a0 diversi.\u201d\u00a0<\/p>\n\n\n\n<p>Alle artiste\u00a0 consegner\u00e0\u00a0 Attestato di partecipazione, il Presidente dell\u2019Associazione Apat dr. <strong>Carmelo Briante.<\/strong>\u00a0\u00a0<\/p>\n\n\n\n<p>Per tutti gli intervenuti\u00a0 \u00e8 previsto un piccolo buffet.\u00a0<\/p>\n\n\n\n<p>La mostra si potr\u00e0 fruire anche on line con video su tutti i social.\u00a0\u00a0<\/p>\n\n\n\n<p>Orari: dalle 17.00 alle 19.00, dal lunedi al sabato.\u00a0<\/p>\n","protected":false},"excerpt":{"rendered":"<p>Sabato 21 gennaio, alle ore 17.30, nei locali della galleria d\u2019arte Spazio Macos Via Cardines, 16 Messina, si terr\u00e0 il vernissage del primo evento del 2023 che consta di tre mostre\u00a0 personali dai rispettivi titoli:\u00a0 Essenza donna di Anna Rita Mattei, 25 opere in videoesposizione\u00a0\u00a0\u00a0 Innesti di Mariella Stirpe, 12 opere in galleria,\u00a0 Radici di [&hellip;]<\/p>\n","protected":false},"author":15,"featured_media":138213,"comment_status":"open","ping_status":"open","sticky":false,"template":"","format":"standard","meta":{"ub_ctt_via":"","_mi_skip_tracking":false},"categories":[16],"tags":[6410,6409,4372,6412,5629,6411,5631],"featured_image_src":"https:\/\/www.messinaoggi.it\/website\/wp-content\/uploads\/2023\/01\/macos-2.jpg","author_info":{"display_name":"red.me","author_link":"https:\/\/www.messinaoggi.it\/website\/author\/red-me\/"},"digistream_id":0,"digistream":false,"_links":{"self":[{"href":"https:\/\/www.messinaoggi.it\/website\/wp-json\/wp\/v2\/posts\/138212"}],"collection":[{"href":"https:\/\/www.messinaoggi.it\/website\/wp-json\/wp\/v2\/posts"}],"about":[{"href":"https:\/\/www.messinaoggi.it\/website\/wp-json\/wp\/v2\/types\/post"}],"author":[{"embeddable":true,"href":"https:\/\/www.messinaoggi.it\/website\/wp-json\/wp\/v2\/users\/15"}],"replies":[{"embeddable":true,"href":"https:\/\/www.messinaoggi.it\/website\/wp-json\/wp\/v2\/comments?post=138212"}],"version-history":[{"count":1,"href":"https:\/\/www.messinaoggi.it\/website\/wp-json\/wp\/v2\/posts\/138212\/revisions"}],"predecessor-version":[{"id":138214,"href":"https:\/\/www.messinaoggi.it\/website\/wp-json\/wp\/v2\/posts\/138212\/revisions\/138214"}],"wp:featuredmedia":[{"embeddable":true,"href":"https:\/\/www.messinaoggi.it\/website\/wp-json\/wp\/v2\/media\/138213"}],"wp:attachment":[{"href":"https:\/\/www.messinaoggi.it\/website\/wp-json\/wp\/v2\/media?parent=138212"}],"wp:term":[{"taxonomy":"category","embeddable":true,"href":"https:\/\/www.messinaoggi.it\/website\/wp-json\/wp\/v2\/categories?post=138212"},{"taxonomy":"post_tag","embeddable":true,"href":"https:\/\/www.messinaoggi.it\/website\/wp-json\/wp\/v2\/tags?post=138212"}],"curies":[{"name":"wp","href":"https:\/\/api.w.org\/{rel}","templated":true}]}}