{"id":138179,"date":"2023-01-18T08:32:53","date_gmt":"2023-01-18T07:32:53","guid":{"rendered":"http:\/\/www.messinaoggi.it\/website\/?p=138179"},"modified":"2023-01-18T08:32:54","modified_gmt":"2023-01-18T07:32:54","slug":"eletta-la-governance-dellordine-avvocati-messina-paolo-vermiglio-presidente","status":"publish","type":"post","link":"https:\/\/www.messinaoggi.it\/website\/2023\/01\/18\/eletta-la-governance-dellordine-avvocati-messina-paolo-vermiglio-presidente\/","title":{"rendered":"Eletta la governance dell&#8217;Ordine avvocati Messina: Paolo Vermiglio presidente"},"content":{"rendered":"\n<p>C&#8217;\u00e8 la nuova governance dell&#8217;Ordine degli avvocati di Messina. Ieri l\u2019avvocato\u00a0<strong>Paolo Vermiglio<\/strong>\u00a0\u00e8 stato eletto presidente dell\u2019Ordine professionale. <div id=\"div-gpt-ad-Messinaoggi.it-DSK-300x250-corpoart\" style=\"text-align:center;margin:0 auto;\"><\/div><\/p>\n\n\n\n<p>Dopo la tre giorni elettorale conclusa sabato scorso, si \u00e8 dunque riunito ieri pomeriggio il primo nuovo consiglio, in carica per il quadriennio 2023-2026, che ha votato all\u2019unanimit\u00e0 il \u201ccapolista\u201d del gruppo \u201cUniti per l\u2019Avvocatura\u201d. <div id=\"videoincontent\" style=\"clear:both\";><\/div><\/p>\n\n\n\n<p>Sempre con voto unanime dei 21 consiglieri, sono stati designati come vicepresidente\u00a0<strong>Giovanni Arena<\/strong>, nel ruolo di segretario\u00a0<strong>Aurelio Maiorana\u00a0<\/strong>e in quello di tesoriera\u00a0<strong>Simona Mazze<\/strong>i. <\/p>\n\n\n\n<p>La governance si metter\u00e0 subito al lavoro per proseguire le attivit\u00e0 gi\u00e0 avviate e soprattutto programmare i prossimi quattro anni che vedranno il Foro messinese in prima linea nella tutela degli interessi e delle necessit\u00e0 dell\u2019avvocatura.\u00a0<\/p>\n","protected":false},"excerpt":{"rendered":"<p>C&#8217;\u00e8 la nuova governance dell&#8217;Ordine degli avvocati di Messina. Ieri l\u2019avvocato\u00a0Paolo Vermiglio\u00a0\u00e8 stato eletto presidente dell\u2019Ordine professionale. Dopo la tre giorni elettorale conclusa sabato scorso, si \u00e8 dunque riunito ieri pomeriggio il primo nuovo consiglio, in carica per il quadriennio 2023-2026, che ha votato all\u2019unanimit\u00e0 il \u201ccapolista\u201d del gruppo \u201cUniti per l\u2019Avvocatura\u201d. Sempre con voto [&hellip;]<\/p>\n","protected":false},"author":8,"featured_media":138180,"comment_status":"open","ping_status":"open","sticky":false,"template":"","format":"standard","meta":{"ub_ctt_via":"","_mi_skip_tracking":false},"categories":[5],"tags":[5971,6387],"featured_image_src":"https:\/\/www.messinaoggi.it\/website\/wp-content\/uploads\/2023\/01\/ordine-avvocati-messina-2023.jpeg","author_info":{"display_name":"red..me","author_link":"https:\/\/www.messinaoggi.it\/website\/author\/redstage\/"},"digistream_id":0,"digistream":false,"_links":{"self":[{"href":"https:\/\/www.messinaoggi.it\/website\/wp-json\/wp\/v2\/posts\/138179"}],"collection":[{"href":"https:\/\/www.messinaoggi.it\/website\/wp-json\/wp\/v2\/posts"}],"about":[{"href":"https:\/\/www.messinaoggi.it\/website\/wp-json\/wp\/v2\/types\/post"}],"author":[{"embeddable":true,"href":"https:\/\/www.messinaoggi.it\/website\/wp-json\/wp\/v2\/users\/8"}],"replies":[{"embeddable":true,"href":"https:\/\/www.messinaoggi.it\/website\/wp-json\/wp\/v2\/comments?post=138179"}],"version-history":[{"count":1,"href":"https:\/\/www.messinaoggi.it\/website\/wp-json\/wp\/v2\/posts\/138179\/revisions"}],"predecessor-version":[{"id":138181,"href":"https:\/\/www.messinaoggi.it\/website\/wp-json\/wp\/v2\/posts\/138179\/revisions\/138181"}],"wp:featuredmedia":[{"embeddable":true,"href":"https:\/\/www.messinaoggi.it\/website\/wp-json\/wp\/v2\/media\/138180"}],"wp:attachment":[{"href":"https:\/\/www.messinaoggi.it\/website\/wp-json\/wp\/v2\/media?parent=138179"}],"wp:term":[{"taxonomy":"category","embeddable":true,"href":"https:\/\/www.messinaoggi.it\/website\/wp-json\/wp\/v2\/categories?post=138179"},{"taxonomy":"post_tag","embeddable":true,"href":"https:\/\/www.messinaoggi.it\/website\/wp-json\/wp\/v2\/tags?post=138179"}],"curies":[{"name":"wp","href":"https:\/\/api.w.org\/{rel}","templated":true}]}}