{"id":138052,"date":"2023-01-17T12:03:01","date_gmt":"2023-01-17T11:03:01","guid":{"rendered":"https:\/\/www.messinaoggi.it\/website\/2023\/01\/17\/lultimo-saluto-a-biagio-conte-vescovo-palermo-era-un-mite-potente-lottatore\/"},"modified":"2023-01-17T12:03:01","modified_gmt":"2023-01-17T11:03:01","slug":"lultimo-saluto-a-biagio-conte-vescovo-palermo-era-un-mite-potente-lottatore","status":"publish","type":"post","link":"https:\/\/www.messinaoggi.it\/website\/2023\/01\/17\/lultimo-saluto-a-biagio-conte-vescovo-palermo-era-un-mite-potente-lottatore\/","title":{"rendered":"L\u2019ultimo saluto a Biagio Conte, Vescovo Palermo \u201cEra un mite potente lottatore\u201d"},"content":{"rendered":"<div>\n<p>PALERMO (ITALPRESS) \u2013 \u201cFratel Biagio era laico cristiano, un mite potente lottatore\u201d. Cos\u00ec l\u2019arcivescovo di Palermo, monsignor Corrado Lorefice, durante l\u2019omelia della funzione per i funerali del missionario scomparso all\u2019et\u00e0 di 59 anni. La Cattedrale di Palermo \u00e8 gremita di gente, quella che ha aiutato per tutta la sua vita non dimenticando mai gli ultimi, i poveri. Senza fare distinzione di religione, etnia o colore della pelle. Nelle prime file anche i genitori di fratel Biagio, Giuseppe e Maria e le sorelle Angela e Grazia, oltre alle numerosissime autorit\u00e0 presenti. <br \/>\u201cFratel Biagio si \u00e8 appropriato di una sola eredit\u00e0: il dolore e la povert\u00e0 dei fratelli. L\u2019eredit\u00e0 che ci lascia adesso \u00e8 per\u00f2 la ricchezza del suo esempio\u201d, aggiunge Lorefice con volto commosso al termine dell\u2019omelia. <br \/>Le offerte fatte durante la messa funebre saranno interamente devolute alla missione Speranza e Carit\u00e0.<br \/>\u201cFratel Biagio Conte ha fatto della preghiera fiduciosa nel suo<br \/>Dio la bussola della sua esistenza. Nostro signore ti ringraziamo<br \/>per il dono che hai fatto alla citt\u00e0 di Palermo, alla Chiesa e al<br \/>mondo: il dono di un cristiano. Il dono di un fratello che ha<br \/>creduto alla tua parola fino alla fine e fino in fondo\u201d,<br \/>sottolinea l\u2019arcivescovo Corrado Lorefice.<br \/>foto xd6 Italpress<br \/>(ITALPRESS).<div id=\"div-gpt-ad-Messinaoggi.it-DSK-300x250-corpoart\" style=\"text-align:center;margin:0 auto;\"><\/div><\/p>\n<\/div>\n<div id=\"videoincontent\" style=\"clear:both\";><\/div>","protected":false},"excerpt":{"rendered":"<p>PALERMO (ITALPRESS) \u2013 \u201cFratel Biagio era laico cristiano, un mite potente lottatore\u201d. Cos\u00ec l\u2019arcivescovo di Palermo, monsignor Corrado Lorefice, durante l\u2019omelia della funzione per i funerali del missionario scomparso all\u2019et\u00e0 di 59 anni. La Cattedrale di Palermo \u00e8 gremita di gente, quella che ha aiutato per tutta la sua vita non dimenticando mai gli ultimi, [&hellip;]<\/p>\n","protected":false},"author":18,"featured_media":138053,"comment_status":"closed","ping_status":"closed","sticky":false,"template":"","format":"standard","meta":{"ub_ctt_via":"","_mi_skip_tracking":false},"categories":[2449],"tags":[783],"featured_image_src":"https:\/\/www.messinaoggi.it\/website\/wp-content\/uploads\/2023\/01\/20230117_0390.jpg","author_info":{"display_name":"Admin","author_link":"https:\/\/www.messinaoggi.it\/website\/author\/admin\/"},"digistream_id":0,"digistream":false,"_links":{"self":[{"href":"https:\/\/www.messinaoggi.it\/website\/wp-json\/wp\/v2\/posts\/138052"}],"collection":[{"href":"https:\/\/www.messinaoggi.it\/website\/wp-json\/wp\/v2\/posts"}],"about":[{"href":"https:\/\/www.messinaoggi.it\/website\/wp-json\/wp\/v2\/types\/post"}],"author":[{"embeddable":true,"href":"https:\/\/www.messinaoggi.it\/website\/wp-json\/wp\/v2\/users\/18"}],"replies":[{"embeddable":true,"href":"https:\/\/www.messinaoggi.it\/website\/wp-json\/wp\/v2\/comments?post=138052"}],"version-history":[{"count":0,"href":"https:\/\/www.messinaoggi.it\/website\/wp-json\/wp\/v2\/posts\/138052\/revisions"}],"wp:featuredmedia":[{"embeddable":true,"href":"https:\/\/www.messinaoggi.it\/website\/wp-json\/wp\/v2\/media\/138053"}],"wp:attachment":[{"href":"https:\/\/www.messinaoggi.it\/website\/wp-json\/wp\/v2\/media?parent=138052"}],"wp:term":[{"taxonomy":"category","embeddable":true,"href":"https:\/\/www.messinaoggi.it\/website\/wp-json\/wp\/v2\/categories?post=138052"},{"taxonomy":"post_tag","embeddable":true,"href":"https:\/\/www.messinaoggi.it\/website\/wp-json\/wp\/v2\/tags?post=138052"}],"curies":[{"name":"wp","href":"https:\/\/api.w.org\/{rel}","templated":true}]}}