{"id":137972,"date":"2023-01-16T19:02:52","date_gmt":"2023-01-16T18:02:52","guid":{"rendered":"https:\/\/www.messinaoggi.it\/website\/2023\/01\/16\/mule-in-sicilia-la-frattura-tra-schifani-e-micciche-si-puo-ricomporre\/"},"modified":"2023-01-16T19:02:52","modified_gmt":"2023-01-16T18:02:52","slug":"mule-in-sicilia-la-frattura-tra-schifani-e-micciche-si-puo-ricomporre","status":"publish","type":"post","link":"https:\/\/www.messinaoggi.it\/website\/2023\/01\/16\/mule-in-sicilia-la-frattura-tra-schifani-e-micciche-si-puo-ricomporre\/","title":{"rendered":"Mul\u00e8 \u201cIn Sicilia la frattura tra Schifani e Miccich\u00e8 si pu\u00f2 ricomporre\u201d"},"content":{"rendered":"<div>\n<p>ROMA (ITALPRESS) \u2013 \u201cL\u2019unica cosa di cui ha bisogno la Sicilia \u00e8 essere governata dando l\u2019idea concreta di un cambio rispetto ai vecchi tempi, la litigiosit\u00e0 determina solo una disaffezione dei cittadini nei confronti della politica\u201d. Lo afferma il vicepresidente della Camera e deputato di Forza Italia, Giorgio Mul\u00e8, intervistato da Claudio Brachino per la rubrica \u201cPrimo Piano\u201d dell\u2019Agenzia Italpress. \u201cParlo con Schifani e Miccich\u00e8 pi\u00f9 o meno quotidianamente \u2013 aggiunge \u2013 so che si tratta di una frattura che si pu\u00f2 ricomporre e stiamo lavorando affinch\u00e8 sia ricomposta perch\u00e8 ne va di mezzo il bene della Sicilia e soprattutto il bene che i siciliani devono volere alla politica. E\u2019 l\u2019ora di rimboccarci tutte le maniche e andare insieme verso il bene della Sicilia\u201d, conclude il vicepresidente della Camera.<br \/>\n-foto Italpress \u2013<br \/>\n(ITALPRESS).<div id=\"div-gpt-ad-Messinaoggi.it-DSK-300x250-corpoart\" style=\"text-align:center;margin:0 auto;\"><\/div><\/p>\n<\/div>\n<div id=\"videoincontent\" style=\"clear:both\";><\/div>","protected":false},"excerpt":{"rendered":"<p>ROMA (ITALPRESS) \u2013 \u201cL\u2019unica cosa di cui ha bisogno la Sicilia \u00e8 essere governata dando l\u2019idea concreta di un cambio rispetto ai vecchi tempi, la litigiosit\u00e0 determina solo una disaffezione dei cittadini nei confronti della politica\u201d. Lo afferma il vicepresidente della Camera e deputato di Forza Italia, Giorgio Mul\u00e8, intervistato da Claudio Brachino per la [&hellip;]<\/p>\n","protected":false},"author":18,"featured_media":137973,"comment_status":"closed","ping_status":"closed","sticky":false,"template":"","format":"standard","meta":{"ub_ctt_via":"","_mi_skip_tracking":false},"categories":[2449],"tags":[783],"featured_image_src":"https:\/\/www.messinaoggi.it\/website\/wp-content\/uploads\/2023\/01\/mule3.jpg","author_info":{"display_name":"Admin","author_link":"https:\/\/www.messinaoggi.it\/website\/author\/admin\/"},"digistream_id":0,"digistream":false,"_links":{"self":[{"href":"https:\/\/www.messinaoggi.it\/website\/wp-json\/wp\/v2\/posts\/137972"}],"collection":[{"href":"https:\/\/www.messinaoggi.it\/website\/wp-json\/wp\/v2\/posts"}],"about":[{"href":"https:\/\/www.messinaoggi.it\/website\/wp-json\/wp\/v2\/types\/post"}],"author":[{"embeddable":true,"href":"https:\/\/www.messinaoggi.it\/website\/wp-json\/wp\/v2\/users\/18"}],"replies":[{"embeddable":true,"href":"https:\/\/www.messinaoggi.it\/website\/wp-json\/wp\/v2\/comments?post=137972"}],"version-history":[{"count":0,"href":"https:\/\/www.messinaoggi.it\/website\/wp-json\/wp\/v2\/posts\/137972\/revisions"}],"wp:featuredmedia":[{"embeddable":true,"href":"https:\/\/www.messinaoggi.it\/website\/wp-json\/wp\/v2\/media\/137973"}],"wp:attachment":[{"href":"https:\/\/www.messinaoggi.it\/website\/wp-json\/wp\/v2\/media?parent=137972"}],"wp:term":[{"taxonomy":"category","embeddable":true,"href":"https:\/\/www.messinaoggi.it\/website\/wp-json\/wp\/v2\/categories?post=137972"},{"taxonomy":"post_tag","embeddable":true,"href":"https:\/\/www.messinaoggi.it\/website\/wp-json\/wp\/v2\/tags?post=137972"}],"curies":[{"name":"wp","href":"https:\/\/api.w.org\/{rel}","templated":true}]}}