{"id":137920,"date":"2023-01-16T15:17:51","date_gmt":"2023-01-16T14:17:51","guid":{"rendered":"https:\/\/www.messinaoggi.it\/website\/2023\/01\/16\/messina-denaro-meloni-a-palermo-la-mafia-si-puo-battere\/"},"modified":"2023-01-16T15:17:51","modified_gmt":"2023-01-16T14:17:51","slug":"messina-denaro-meloni-a-palermo-la-mafia-si-puo-battere","status":"publish","type":"post","link":"https:\/\/www.messinaoggi.it\/website\/2023\/01\/16\/messina-denaro-meloni-a-palermo-la-mafia-si-puo-battere\/","title":{"rendered":"Messina Denaro, Meloni a Palermo \u201cLa mafia si pu\u00f2 battere\u201d"},"content":{"rendered":"<div>\n<p>PALERMO (ITALPRESS) \u2013 \u201cE\u2019 un giorno di festa per il nostro Paese, grande vittoria\u201d. Cos\u00ec Giorgia Meloni, presidente del consiglio, al termine della sua visita alla Procura di Palermo per complimentarsi con magistrati e forze dell\u2019ordine per l\u2019arresto del boss mafioso Matteo Messina Denaro.<br \/>\u201cLe mie congratulazioni, davvero complimenti a lei e ai suoi uomini per questo lavoro straordinario\u201d, aveva detto Meloni, rivolgendosi al comandante del Reparto Operativo Speciale dei carabinieri, Pasquale Angelosanto, durante l\u2019incontro in Procura.<br \/>\u201cUna grande giornata\u201d, il commento del premier dopo aver rivolto i suoi complimenti anche ai vertici regionali dei carabinieri, del gruppo Intervento Speciale e del reparto Anti Crimine. Al Palazzo di Giustizia Meloni \u00e8 stata accolta dal procuratore di Palermo Maurizio De Lucia. Anche al capo della Procura i complimenti del premier.<br \/>\u201cSono fiera che il primo provvedimento che ho fatto \u00e8 stato quello di difendere il carcere duro. Quello stesso istituto fortemente voluto da Falcone e Borsellino \u00e8 stato difeso dai provvedimenti del governo\u201d, ha poi spiegato Meloni ai giornalisti.<br \/>\u201cMi piace immaginare che questo possa essere il giorno nel quale viene celebrato il lavoro di tanti che si sono dedicati a questa causa, ed \u00e8 una proposta che far\u00f2. Possiamo dire ai nostri figli che la mafia si pu\u00f2 battere \u2013 ha sottolineato -. Non abbiamo vinto la guerra, non abbiamo sconfitto la mafia ma questo \u00e8 un colpo duro per la criminalit\u00e0 organizzata\u201d.<br \/>Se alla fine Messina Denaro \u00e8 stato trovato \u201cvuol dire che c\u2019era uno Stato che continuava a lavorare. Adesso spero che qualcosa di pi\u00f9 possa uscire, anche su chi evidentemente ha collaborato con una persona con la quale chi \u00e8 per bene non collabora\u201d, ha detto ancora il presidente del Consiglio.<br \/>\u201cHo detto al procuratore capo ed agli investigatori che l\u2019Italia \u00e8 fiera di loro. Noi sappiamo che questo grande risultato lo dobbiamo a loro, al loro lavoro quotidiano di grande dedizione \u2013 ha spiegato il premier -. Possono contare sui provvedimenti del governo, per portare avanti questa battaglia insieme. Loro sono la faccia dell\u2019Italia migliore, noi siamo il tramite\u201d.<br \/>Poi i giornalisti le chiedono cosa risponda a chi diceva che la mafia era sparita dall\u2019agenda politica? \u201cNon voglio replicare, penso che questa giornata si commenti da sola \u2013 ha affermato Meloni -. Non penso che la lotta alla mafia possa essere un tema divisivo, chi tenta di fare della lotta alla mafia un tema divisivo fa un favore per paradosso alla criminalit\u00e0 organizzata, \u00e8 una battaglia che dobbiamo condurre tutti insieme. Posso dire che la politica e lo Stato devono sostenere chi si occupa con il suo lavoro di questo. Spero che su queste materie, piuttosto che usarle per fare polemica, si possa lavorare tutti insieme\u201d. <br \/>Meloni ha anche affrontato il tema del riuso dei beni confiscati: \u201cCon il sottosegretario Mantovano ne parliamo da settimane. E\u2019 un tema legato anche alla storia di Matteo Messina Denaro, che si occupava di questioni di patrimonio. Questo \u00e8 un segnale importante, affinch\u00e8 si elimini la presenza fisica della mafia sul territorio \u2013 ha detto -. Affinch\u00e8 nei beni confiscati alla mafia si possa aprire un\u2019attivit\u00e0 economica, si possa trovare lavoro. S\u00ec alla legalit\u00e0, s\u00ec agli strumenti, a tutto quello che serve sul terreno della sicurezza ma poi \u00e8 il terreno fertile che devi togliere e quello lo togli solo con il lavoro\u201d.<br \/>Al suo arrivo a Palermo, il presidente del Consiglio, accompagnata dal sottosegretario alla Presidenza Alfredo Mantovano aveva osservato un minuto di raccoglimento davanti alla stele di Capaci, sulla A29, che ricorda le vittime della strage nella quale persero la vita il giudice Giovanni Falcone, la moglie Francesca Morvillo e gli agenti della scorta Rocco Dicillo, Antonio Montinaro e Vito Schifani.<div id=\"div-gpt-ad-Messinaoggi.it-DSK-300x250-corpoart\" style=\"text-align:center;margin:0 auto;\"><\/div><\/p>\n<p>\u2013 foto Agenziafotogramma.it \u2013<div id=\"videoincontent\" style=\"clear:both\";><\/div><\/p>\n<p>(ITALPRESS).<\/p>\n<\/div>\n","protected":false},"excerpt":{"rendered":"<p>PALERMO (ITALPRESS) \u2013 \u201cE\u2019 un giorno di festa per il nostro Paese, grande vittoria\u201d. Cos\u00ec Giorgia Meloni, presidente del consiglio, al termine della sua visita alla Procura di Palermo per complimentarsi con magistrati e forze dell\u2019ordine per l\u2019arresto del boss mafioso Matteo Messina Denaro.\u201cLe mie congratulazioni, davvero complimenti a lei e ai suoi uomini per [&hellip;]<\/p>\n","protected":false},"author":18,"featured_media":137921,"comment_status":"closed","ping_status":"closed","sticky":false,"template":"","format":"standard","meta":{"ub_ctt_via":"","_mi_skip_tracking":false},"categories":[2449],"tags":[783],"featured_image_src":"https:\/\/www.messinaoggi.it\/website\/wp-content\/uploads\/2023\/01\/20230116_1522.jpg","author_info":{"display_name":"Admin","author_link":"https:\/\/www.messinaoggi.it\/website\/author\/admin\/"},"digistream_id":0,"digistream":false,"_links":{"self":[{"href":"https:\/\/www.messinaoggi.it\/website\/wp-json\/wp\/v2\/posts\/137920"}],"collection":[{"href":"https:\/\/www.messinaoggi.it\/website\/wp-json\/wp\/v2\/posts"}],"about":[{"href":"https:\/\/www.messinaoggi.it\/website\/wp-json\/wp\/v2\/types\/post"}],"author":[{"embeddable":true,"href":"https:\/\/www.messinaoggi.it\/website\/wp-json\/wp\/v2\/users\/18"}],"replies":[{"embeddable":true,"href":"https:\/\/www.messinaoggi.it\/website\/wp-json\/wp\/v2\/comments?post=137920"}],"version-history":[{"count":0,"href":"https:\/\/www.messinaoggi.it\/website\/wp-json\/wp\/v2\/posts\/137920\/revisions"}],"wp:featuredmedia":[{"embeddable":true,"href":"https:\/\/www.messinaoggi.it\/website\/wp-json\/wp\/v2\/media\/137921"}],"wp:attachment":[{"href":"https:\/\/www.messinaoggi.it\/website\/wp-json\/wp\/v2\/media?parent=137920"}],"wp:term":[{"taxonomy":"category","embeddable":true,"href":"https:\/\/www.messinaoggi.it\/website\/wp-json\/wp\/v2\/categories?post=137920"},{"taxonomy":"post_tag","embeddable":true,"href":"https:\/\/www.messinaoggi.it\/website\/wp-json\/wp\/v2\/tags?post=137920"}],"curies":[{"name":"wp","href":"https:\/\/api.w.org\/{rel}","templated":true}]}}