{"id":13788,"date":"2018-01-02T10:07:02","date_gmt":"2018-01-02T09:07:02","guid":{"rendered":"http:\/\/www.messinaoggi.it\/website\/?p=13788"},"modified":"2018-01-02T10:07:02","modified_gmt":"2018-01-02T09:07:02","slug":"musumeci-il-2018-sara-lanno-del-cambiamento-insieme-ce-la-faremo","status":"publish","type":"post","link":"https:\/\/www.messinaoggi.it\/website\/2018\/01\/02\/musumeci-il-2018-sara-lanno-del-cambiamento-insieme-ce-la-faremo\/","title":{"rendered":"Musumeci: &quot;Il 2018 sar\u00e0 l&#039;anno del cambiamento, insieme ce la faremo&quot;"},"content":{"rendered":"<p>&#8220;Buon anno alla straordinaria comunit\u00e0 dei siciliani, ovunque si trovino, in Patria o all&#8217;estero. Auguri di buona salute e di serenit\u00e0, specie a chi soffre tra la disperazione e la rassegnazione. Sar\u00e0 per la nostra Isola l&#8217;inizio del cambiamento, lento ma inevitabile&#8221;:\u00a0\u00a0lo scrive su Facebook il presidente della Regione, Nello\u00a0Musumeci.<br \/>\n&#8220;Per questo la sfida diventa difficile &#8211; prosegue il neo governatore &#8211; trover\u00f2 sulla mia strada affaristi, mafiosi, accattoni, ruffiani e politici senza scrupoli. Sapr\u00f2 dire tanti No! Ma ai siciliani perbene, al di l\u00e0 della loro appartenenza politica, chiedo di non lasciarmi da solo. Insieme ce la faremo&#8221;.<div id=\"div-gpt-ad-Messinaoggi.it-DSK-300x250-corpoart\" style=\"text-align:center;margin:0 auto;\"><\/div><\/p>\n<div id=\"videoincontent\" style=\"clear:both\";><\/div>","protected":false},"excerpt":{"rendered":"<p>&#8220;Buon anno alla straordinaria comunit\u00e0 dei siciliani, ovunque si trovino, in Patria o all&#8217;estero. Auguri di buona salute e di serenit\u00e0, specie a chi soffre tra la disperazione e la rassegnazione. Sar\u00e0 per la nostra Isola l&#8217;inizio del cambiamento, lento ma inevitabile&#8221;:\u00a0\u00a0lo scrive su Facebook il presidente della Regione, Nello\u00a0Musumeci. &#8220;Per questo la sfida diventa [&hellip;]<\/p>\n","protected":false},"author":2,"featured_media":9416,"comment_status":"closed","ping_status":"open","sticky":false,"template":"","format":"standard","meta":{"ub_ctt_via":"","_mi_skip_tracking":false},"categories":[11],"tags":[],"featured_image_src":"https:\/\/www.messinaoggi.it\/website\/wp-content\/uploads\/2017\/10\/croce-e-musumeci-taglio-nastro-comitato-elettorale-via-XXIV-Maggio-messinaoggiMR.jpg","author_info":{"display_name":"Redazione","author_link":"https:\/\/www.messinaoggi.it\/website\/author\/redazione\/"},"digistream_id":0,"digistream":false,"_links":{"self":[{"href":"https:\/\/www.messinaoggi.it\/website\/wp-json\/wp\/v2\/posts\/13788"}],"collection":[{"href":"https:\/\/www.messinaoggi.it\/website\/wp-json\/wp\/v2\/posts"}],"about":[{"href":"https:\/\/www.messinaoggi.it\/website\/wp-json\/wp\/v2\/types\/post"}],"author":[{"embeddable":true,"href":"https:\/\/www.messinaoggi.it\/website\/wp-json\/wp\/v2\/users\/2"}],"replies":[{"embeddable":true,"href":"https:\/\/www.messinaoggi.it\/website\/wp-json\/wp\/v2\/comments?post=13788"}],"version-history":[{"count":0,"href":"https:\/\/www.messinaoggi.it\/website\/wp-json\/wp\/v2\/posts\/13788\/revisions"}],"wp:featuredmedia":[{"embeddable":true,"href":"https:\/\/www.messinaoggi.it\/website\/wp-json\/wp\/v2\/media\/9416"}],"wp:attachment":[{"href":"https:\/\/www.messinaoggi.it\/website\/wp-json\/wp\/v2\/media?parent=13788"}],"wp:term":[{"taxonomy":"category","embeddable":true,"href":"https:\/\/www.messinaoggi.it\/website\/wp-json\/wp\/v2\/categories?post=13788"},{"taxonomy":"post_tag","embeddable":true,"href":"https:\/\/www.messinaoggi.it\/website\/wp-json\/wp\/v2\/tags?post=13788"}],"curies":[{"name":"wp","href":"https:\/\/api.w.org\/{rel}","templated":true}]}}