{"id":137776,"date":"2023-01-15T10:32:53","date_gmt":"2023-01-15T09:32:53","guid":{"rendered":"https:\/\/www.messinaoggi.it\/website\/2023\/01\/15\/incendio-sul-traghetto-palermo-napoli-rogo-non-ancora-spento\/"},"modified":"2023-01-15T10:32:53","modified_gmt":"2023-01-15T09:32:53","slug":"incendio-sul-traghetto-palermo-napoli-rogo-non-ancora-spento","status":"publish","type":"post","link":"https:\/\/www.messinaoggi.it\/website\/2023\/01\/15\/incendio-sul-traghetto-palermo-napoli-rogo-non-ancora-spento\/","title":{"rendered":"Incendio sul traghetto Palermo-Napoli, rogo non ancora spento"},"content":{"rendered":"<div>\n<p>PALERMO (ITALPRESS) \u2013 Un denso fumo nero fuoriesce ancora dal traghetto Gnv per Napoli fermo da ieri sera al porto di Palermo dopo che un incendio si \u00e8 sviluppato nel garage prima che la nave mollasse gli ormeggi. I vigili del fuoco hanno lavorato per tutta la notte per domare le fiamme. Sul posto sono intervenuti con dieci squadre, che sono ancora impegnate e lavorano senza sosta. Dopo avere circoscritto il rogo nella stiva e abbassato l\u2019alta temperatura i vigili del fuoco stanno valutando la migliore strategia per accedere all\u2019interno dei locali e domare definitivamente l\u2019incendio. <br \/>Sulla nave c\u2019erano 184 passeggeri che sono stati fatti scendere. Non si sono registrati feriti ma solo qualche lieve caso di intossicazione. Al porto sono arrivate anche diverse ambulanze, oltre al sindaco Roberto Lagalla.<br \/>\u201cSono stati sicuramente momenti di paura quelli vissuti all\u2019interno della nave, ma alla fine ci\u00f2 che pi\u00f9 conta \u00e8 che tutti i passeggeri siano stati tratti in salvo senza avere riportato conseguenze alla salute\u201d, commenta Lagalla che ieri sera intorno alle 23.30 \u00e8 accorso al porto, dove poco prima \u00e8 scoppiato un incendio all\u2019interno del garage della nave Gnv Superba Palermo-Napoli. A bordo 184 passeggeri e un\u2019ottantina di componenti dell\u2019equipaggio. \u201cRingrazio i vigili del fuoco, la capitaneria di porto, la polizia di frontiera e il personale dell\u2019Autorit\u00e0 portuale per il tempestivo intervento per mettere in salvo i passeggeri e l\u2019equipaggio della nave, per avere prestato loro assistenza e avere condotto le operazioni di spegnimento del rogo\u201d, aggiunge il primo cittadino.<br \/>foto Italpress<br \/>(ITALPRESS).<div id=\"div-gpt-ad-Messinaoggi.it-DSK-300x250-corpoart\" style=\"text-align:center;margin:0 auto;\"><\/div><\/p>\n<\/div>\n<div id=\"videoincontent\" style=\"clear:both\";><\/div>","protected":false},"excerpt":{"rendered":"<p>PALERMO (ITALPRESS) \u2013 Un denso fumo nero fuoriesce ancora dal traghetto Gnv per Napoli fermo da ieri sera al porto di Palermo dopo che un incendio si \u00e8 sviluppato nel garage prima che la nave mollasse gli ormeggi. I vigili del fuoco hanno lavorato per tutta la notte per domare le fiamme. Sul posto sono [&hellip;]<\/p>\n","protected":false},"author":18,"featured_media":137777,"comment_status":"closed","ping_status":"closed","sticky":false,"template":"","format":"standard","meta":{"ub_ctt_via":"","_mi_skip_tracking":false},"categories":[2449],"tags":[783],"featured_image_src":"https:\/\/www.messinaoggi.it\/website\/wp-content\/uploads\/2023\/01\/20230115_0115.jpg","author_info":{"display_name":"Admin","author_link":"https:\/\/www.messinaoggi.it\/website\/author\/admin\/"},"digistream_id":0,"digistream":false,"_links":{"self":[{"href":"https:\/\/www.messinaoggi.it\/website\/wp-json\/wp\/v2\/posts\/137776"}],"collection":[{"href":"https:\/\/www.messinaoggi.it\/website\/wp-json\/wp\/v2\/posts"}],"about":[{"href":"https:\/\/www.messinaoggi.it\/website\/wp-json\/wp\/v2\/types\/post"}],"author":[{"embeddable":true,"href":"https:\/\/www.messinaoggi.it\/website\/wp-json\/wp\/v2\/users\/18"}],"replies":[{"embeddable":true,"href":"https:\/\/www.messinaoggi.it\/website\/wp-json\/wp\/v2\/comments?post=137776"}],"version-history":[{"count":0,"href":"https:\/\/www.messinaoggi.it\/website\/wp-json\/wp\/v2\/posts\/137776\/revisions"}],"wp:featuredmedia":[{"embeddable":true,"href":"https:\/\/www.messinaoggi.it\/website\/wp-json\/wp\/v2\/media\/137777"}],"wp:attachment":[{"href":"https:\/\/www.messinaoggi.it\/website\/wp-json\/wp\/v2\/media?parent=137776"}],"wp:term":[{"taxonomy":"category","embeddable":true,"href":"https:\/\/www.messinaoggi.it\/website\/wp-json\/wp\/v2\/categories?post=137776"},{"taxonomy":"post_tag","embeddable":true,"href":"https:\/\/www.messinaoggi.it\/website\/wp-json\/wp\/v2\/tags?post=137776"}],"curies":[{"name":"wp","href":"https:\/\/api.w.org\/{rel}","templated":true}]}}