{"id":137774,"date":"2023-01-15T10:23:38","date_gmt":"2023-01-15T09:23:38","guid":{"rendered":"http:\/\/www.messinaoggi.it\/website\/?p=137774"},"modified":"2023-01-15T10:53:53","modified_gmt":"2023-01-15T09:53:53","slug":"auto-si-capovolge-muore-un-ragazzo-di-23-anni","status":"publish","type":"post","link":"https:\/\/www.messinaoggi.it\/website\/2023\/01\/15\/auto-si-capovolge-muore-un-ragazzo-di-23-anni\/","title":{"rendered":"Auto si capovolge, muore un ragazzo di 23 anni"},"content":{"rendered":"\n<p>Un giovane di 23 anni, nativo di Graniti, \u00e8 morto in un incidente stradale verificatosi lungo la Sp 185 mentre tornava da Francavilla di Sicilia. Il ragazzo si trovava con un coetaneo a bordo di una Fiat Panda quando, per cause in corso di accertamento, \u00e8 finita fuori strada. L&#8217;auto si \u00e8 ribaltata. Per il giovane di Graniti non c&#8217;\u00e8 stato nulla da fare, nonostante i soccorsi immediati. L&#8217;amico che viaggiava con lui \u00e8 stato trasportato in gravi condizioni in ospedale.\u00a0<div id=\"div-gpt-ad-Messinaoggi.it-DSK-300x250-corpoart\" style=\"text-align:center;margin:0 auto;\"><\/div><\/p>\n<div id=\"videoincontent\" style=\"clear:both\";><\/div>","protected":false},"excerpt":{"rendered":"<p>Un giovane di 23 anni, nativo di Graniti, \u00e8 morto in un incidente stradale verificatosi lungo la Sp 185 mentre tornava da Francavilla di Sicilia. Il ragazzo si trovava con un coetaneo a bordo di una Fiat Panda quando, per cause in corso di accertamento, \u00e8 finita fuori strada. L&#8217;auto si \u00e8 ribaltata. Per il [&hellip;]<\/p>\n","protected":false},"author":4,"featured_media":1992,"comment_status":"open","ping_status":"open","sticky":false,"template":"","format":"standard","meta":{"ub_ctt_via":"","_mi_skip_tracking":false},"categories":[19],"tags":[6379,6378],"featured_image_src":"https:\/\/www.messinaoggi.it\/website\/wp-content\/uploads\/2017\/06\/ambulanza-118-1-2.jpg","author_info":{"display_name":"redme","author_link":"https:\/\/www.messinaoggi.it\/website\/author\/redme\/"},"digistream_id":0,"digistream":false,"_links":{"self":[{"href":"https:\/\/www.messinaoggi.it\/website\/wp-json\/wp\/v2\/posts\/137774"}],"collection":[{"href":"https:\/\/www.messinaoggi.it\/website\/wp-json\/wp\/v2\/posts"}],"about":[{"href":"https:\/\/www.messinaoggi.it\/website\/wp-json\/wp\/v2\/types\/post"}],"author":[{"embeddable":true,"href":"https:\/\/www.messinaoggi.it\/website\/wp-json\/wp\/v2\/users\/4"}],"replies":[{"embeddable":true,"href":"https:\/\/www.messinaoggi.it\/website\/wp-json\/wp\/v2\/comments?post=137774"}],"version-history":[{"count":1,"href":"https:\/\/www.messinaoggi.it\/website\/wp-json\/wp\/v2\/posts\/137774\/revisions"}],"predecessor-version":[{"id":137775,"href":"https:\/\/www.messinaoggi.it\/website\/wp-json\/wp\/v2\/posts\/137774\/revisions\/137775"}],"wp:featuredmedia":[{"embeddable":true,"href":"https:\/\/www.messinaoggi.it\/website\/wp-json\/wp\/v2\/media\/1992"}],"wp:attachment":[{"href":"https:\/\/www.messinaoggi.it\/website\/wp-json\/wp\/v2\/media?parent=137774"}],"wp:term":[{"taxonomy":"category","embeddable":true,"href":"https:\/\/www.messinaoggi.it\/website\/wp-json\/wp\/v2\/categories?post=137774"},{"taxonomy":"post_tag","embeddable":true,"href":"https:\/\/www.messinaoggi.it\/website\/wp-json\/wp\/v2\/tags?post=137774"}],"curies":[{"name":"wp","href":"https:\/\/api.w.org\/{rel}","templated":true}]}}