{"id":137764,"date":"2023-01-16T00:02:55","date_gmt":"2023-01-15T23:02:55","guid":{"rendered":"https:\/\/www.messinaoggi.it\/website\/2023\/01\/15\/mostra-cannes-micciche-schifani-se-mente-deve-dimettersi\/"},"modified":"2023-01-16T10:56:01","modified_gmt":"2023-01-16T09:56:01","slug":"mostra-cannes-micciche-schifani-se-mente-deve-dimettersi","status":"publish","type":"post","link":"https:\/\/www.messinaoggi.it\/website\/2023\/01\/16\/mostra-cannes-micciche-schifani-se-mente-deve-dimettersi\/","title":{"rendered":"Mostra Cannes, Miccich\u00e8 \u201cSchifani se mente deve dimettersi\u201d"},"content":{"rendered":"<div>\n<p>PALERMO (ITALPRESS) \u2013 Sul caso della mostra a Cannes, Schifani \u201cse ha mentito deve dimettersi\u201d. Cos\u00ec in un\u2019intervista all\u2019edizione locale di Repubblica, Gianfranco Miccich\u00e8, commissario del partito che esprime il presidente della Regione ma iscritto al gruppo misto all\u2019Ars. Miccich\u00e8 non ha ancora digerito la mancata deroga al numero minimo di deputati per formare un suo gruppo, n\u00e8 lo scontro con gli ormai ex alleati del centrodestra. Ma soprattutto la fine del rapporto con Renato Schifani.<br \/>\u201cSchifani \u2013 sottolinea \u2013 \u00e8 il mandante spregevole, cattivo. Galvagno \u00e8 l\u2019esecutore imbarazzato, ma, spiace dirlo, anche debole, inadeguato. Lui avrebbe voluto concedere la deroga. Tutta questa situazione mi dispiace. Ero convinto che fosse meglio di Musumeci e invece il signor Schifani ha fatto la pi\u00f9 grande sciocchezza della sua vita: aveva Forza Italia pronta a proteggergli le spalle e invece adesso \u00e8 solo\u201d.<br \/>Poi, c\u2019\u00e8 la storia di Cannes: \u201cPi\u00f9 che dare la possibilit\u00e0 di rispondere a me, bisognerebbe far rispondere cinque milioni di siciliani. Che tirasse quest\u2019aria si sapeva da tempo. Quando io ho chiesto a Schifani il Turismo e la Sanit\u00e0, era perch\u00e8 ritenevo che quelli fossero i settori su cui aggiustare il tiro. La vicenda di Cannes e l\u2019indagine della Corte dei conti sull\u2019hub di Palermo dicono che non mi ero sbagliato\u201d. \u201cNon avevo nessun pezzo di carta, avevo sensazioni, persone che mi dicevano: \u2018Quello che appare in tv o in radio sembra molto meno rispetto a quel che si \u00e8 spes\u00f2. Ma non avevo elementi concreti. Attraverso l\u2019esame dello scorso bilancio io e alcuni assessori dell\u2019attuale governo abbiamo avuto una sensazione molto netta. Io non ne ho voluto sapere pi\u00f9 niente, altri no. Musumeci diceva che volevo mettere le mani dove loro erano stati puliti. E lo stiamo vedendo\u201d, commenta Miccich\u00e8, aggiungendo: \u201cEcco, guardiamo a Schifani. Perch\u00e8 ha cambiato assessore al Turismo all\u2019ultimo minuto? Lo spieghi. Non a me, ai siciliani. L\u2019ultima volta che sono stato a casa di Schifani, mi disse: \u2018Ma ti rendi conto che mi vogliono indicare Francesco Scarpinato?\u2019. Cos\u00ec ne parlava in quei giorni\u201d.<br \/>\u201cNon ho pi\u00f9 nessun vincolo di coalizione, di alleanza, di lealt\u00e0 nei confronti di queste persone: quello che mi hanno fatto non ha eguali nella storia politica di questa Regione \u2013 prosegue Miccich\u00e8 -. Mi hanno tolto tutto e ci sono riusciti, chi ha un potere enorme come quello di un presidente della Regione pu\u00f2 farlo\u201d. \u201cSono rimasto con l\u2019amico Michele Mancuso, ma ero convinto che ce ne fossero altri \u2013 aggiunge -. Io sono al gruppo misto ma non mi sento sconfitto: la Storia ci insegna che chi subisce violenza non lo \u00e8 mai. Schifani lo avevo messo in guardia, oggi gli chiederei: ti \u00e8 effettivamente convenuto schierarti con quelli da cui io consigliavo di prendere le distanze?\u201d.<br \/>Poi, tornando sulla storia di Cannes: \u201cCredo che quello che un presidente della Regione dichiara debba essere scritto con lo scalpello sulla pietra: Schifani a inizio settimana ha dichiarato di non saperne niente. Iniziamo cos\u00ec questa legislatura? Con le bugie?\u201d. \u201cDa quello che dichiara Manlio Messina \u2013 evidenzia Miccich\u00e8 -, c\u2019\u00e8 poco da discutere. Ma il loro match non mi interessa. Quante volte Musumeci ha detto: \u2018Non ne sapevo nient\u00e8? Ricominciamo con i \u2018non ne sapevo nient\u00e8? Questo gioco deve finire, non si pu\u00f2 pensare che i siciliani siano tutti scemi. Non far\u00f2 passare un giorno d\u2019aula finch\u00e8 Schifani non verr\u00e0 a dirci se ha detto la verit\u00e0. Altrimenti ricordo a tutti che un presidente degli Stati Uniti non si \u00e8 dovuto dimettere per uno scandalo con la sua segretaria, ma perch\u00e8 lo aveva negato ed \u00e8 stato smentito. Non \u00e8 ammissibile che un presidente menta al suo popolo. Se dovesse emergere che ha ragione Messina, Schifani dovrebbe dimettersi\u201d.<br \/>credit photo agenziafotogramma.it<br \/>(ITALPRESS).<div id=\"div-gpt-ad-Messinaoggi.it-DSK-300x250-corpoart\" style=\"text-align:center;margin:0 auto;\"><\/div><\/p>\n<\/div>\n<div id=\"videoincontent\" style=\"clear:both\";><\/div>","protected":false},"excerpt":{"rendered":"<p>PALERMO (ITALPRESS) \u2013 Sul caso della mostra a Cannes, Schifani \u201cse ha mentito deve dimettersi\u201d. Cos\u00ec in un\u2019intervista all\u2019edizione locale di Repubblica, Gianfranco Miccich\u00e8, commissario del partito che esprime il presidente della Regione ma iscritto al gruppo misto all\u2019Ars. Miccich\u00e8 non ha ancora digerito la mancata deroga al numero minimo di deputati per formare un [&hellip;]<\/p>\n","protected":false},"author":18,"featured_media":137765,"comment_status":"closed","ping_status":"closed","sticky":false,"template":"","format":"standard","meta":{"ub_ctt_via":"","_mi_skip_tracking":false},"categories":[4,2449],"tags":[783],"featured_image_src":"https:\/\/www.messinaoggi.it\/website\/wp-content\/uploads\/2023\/01\/20230115_0086.jpg","author_info":{"display_name":"Admin","author_link":"https:\/\/www.messinaoggi.it\/website\/author\/admin\/"},"digistream_id":0,"digistream":false,"_links":{"self":[{"href":"https:\/\/www.messinaoggi.it\/website\/wp-json\/wp\/v2\/posts\/137764"}],"collection":[{"href":"https:\/\/www.messinaoggi.it\/website\/wp-json\/wp\/v2\/posts"}],"about":[{"href":"https:\/\/www.messinaoggi.it\/website\/wp-json\/wp\/v2\/types\/post"}],"author":[{"embeddable":true,"href":"https:\/\/www.messinaoggi.it\/website\/wp-json\/wp\/v2\/users\/18"}],"replies":[{"embeddable":true,"href":"https:\/\/www.messinaoggi.it\/website\/wp-json\/wp\/v2\/comments?post=137764"}],"version-history":[{"count":1,"href":"https:\/\/www.messinaoggi.it\/website\/wp-json\/wp\/v2\/posts\/137764\/revisions"}],"predecessor-version":[{"id":137865,"href":"https:\/\/www.messinaoggi.it\/website\/wp-json\/wp\/v2\/posts\/137764\/revisions\/137865"}],"wp:featuredmedia":[{"embeddable":true,"href":"https:\/\/www.messinaoggi.it\/website\/wp-json\/wp\/v2\/media\/137765"}],"wp:attachment":[{"href":"https:\/\/www.messinaoggi.it\/website\/wp-json\/wp\/v2\/media?parent=137764"}],"wp:term":[{"taxonomy":"category","embeddable":true,"href":"https:\/\/www.messinaoggi.it\/website\/wp-json\/wp\/v2\/categories?post=137764"},{"taxonomy":"post_tag","embeddable":true,"href":"https:\/\/www.messinaoggi.it\/website\/wp-json\/wp\/v2\/tags?post=137764"}],"curies":[{"name":"wp","href":"https:\/\/api.w.org\/{rel}","templated":true}]}}