{"id":13772,"date":"2018-01-01T10:57:59","date_gmt":"2018-01-01T09:57:59","guid":{"rendered":"http:\/\/www.messinaoggi.it\/website\/?p=13772"},"modified":"2018-01-01T10:57:59","modified_gmt":"2018-01-01T09:57:59","slug":"fotografia-in-lutto-si-e-spento-enzo-sturniolo","status":"publish","type":"post","link":"https:\/\/www.messinaoggi.it\/website\/2018\/01\/01\/fotografia-in-lutto-si-e-spento-enzo-sturniolo\/","title":{"rendered":"Fotografia in lutto, si \u00e8 spento Enzo Sturniolo"},"content":{"rendered":"<p>Il mondo della fotografia messinese piange Enzo Sturniolo, lo storico fotoreporter della Gazzetta del Sud che si \u00e8 spento la mattina della vigilia di Capodanno dopo una lunga malattia.<br \/>\nPer oltre trent\u2019anni ha immortalato i fatti pi\u00f9 importanti che riguardano la nostra citt\u00e0, da quelli pi\u00f9 emozionanti a quelli pi\u00f9 drammatici. Alla famiglia vanno le pi\u00f9 sentite condoglianze della redazione di Mesisinaoggi.it.<div id=\"div-gpt-ad-Messinaoggi.it-DSK-300x250-corpoart\" style=\"text-align:center;margin:0 auto;\"><\/div><\/p>\n<div id=\"videoincontent\" style=\"clear:both\";><\/div>","protected":false},"excerpt":{"rendered":"<p>Il mondo della fotografia messinese piange Enzo Sturniolo, lo storico fotoreporter della Gazzetta del Sud che si \u00e8 spento la mattina della vigilia di Capodanno dopo una lunga malattia. Per oltre trent\u2019anni ha immortalato i fatti pi\u00f9 importanti che riguardano la nostra citt\u00e0, da quelli pi\u00f9 emozionanti a quelli pi\u00f9 drammatici. Alla famiglia vanno le [&hellip;]<\/p>\n","protected":false},"author":2,"featured_media":8857,"comment_status":"closed","ping_status":"open","sticky":false,"template":"","format":"standard","meta":{"ub_ctt_via":"","_mi_skip_tracking":false},"categories":[6],"tags":[],"featured_image_src":"https:\/\/www.messinaoggi.it\/website\/wp-content\/uploads\/2017\/10\/lutto-2.jpg","author_info":{"display_name":"Redazione","author_link":"https:\/\/www.messinaoggi.it\/website\/author\/redazione\/"},"digistream_id":0,"digistream":false,"_links":{"self":[{"href":"https:\/\/www.messinaoggi.it\/website\/wp-json\/wp\/v2\/posts\/13772"}],"collection":[{"href":"https:\/\/www.messinaoggi.it\/website\/wp-json\/wp\/v2\/posts"}],"about":[{"href":"https:\/\/www.messinaoggi.it\/website\/wp-json\/wp\/v2\/types\/post"}],"author":[{"embeddable":true,"href":"https:\/\/www.messinaoggi.it\/website\/wp-json\/wp\/v2\/users\/2"}],"replies":[{"embeddable":true,"href":"https:\/\/www.messinaoggi.it\/website\/wp-json\/wp\/v2\/comments?post=13772"}],"version-history":[{"count":0,"href":"https:\/\/www.messinaoggi.it\/website\/wp-json\/wp\/v2\/posts\/13772\/revisions"}],"wp:featuredmedia":[{"embeddable":true,"href":"https:\/\/www.messinaoggi.it\/website\/wp-json\/wp\/v2\/media\/8857"}],"wp:attachment":[{"href":"https:\/\/www.messinaoggi.it\/website\/wp-json\/wp\/v2\/media?parent=13772"}],"wp:term":[{"taxonomy":"category","embeddable":true,"href":"https:\/\/www.messinaoggi.it\/website\/wp-json\/wp\/v2\/categories?post=13772"},{"taxonomy":"post_tag","embeddable":true,"href":"https:\/\/www.messinaoggi.it\/website\/wp-json\/wp\/v2\/tags?post=13772"}],"curies":[{"name":"wp","href":"https:\/\/api.w.org\/{rel}","templated":true}]}}