{"id":137713,"date":"2023-01-14T13:47:54","date_gmt":"2023-01-14T12:47:54","guid":{"rendered":"https:\/\/www.messinaoggi.it\/website\/2023\/01\/14\/palermo-lagalla-entro-il-2023-avremo-strutture-cimiteriali-adeguate\/"},"modified":"2023-01-14T13:47:54","modified_gmt":"2023-01-14T12:47:54","slug":"palermo-lagalla-entro-il-2023-avremo-strutture-cimiteriali-adeguate","status":"publish","type":"post","link":"https:\/\/www.messinaoggi.it\/website\/2023\/01\/14\/palermo-lagalla-entro-il-2023-avremo-strutture-cimiteriali-adeguate\/","title":{"rendered":"Palermo, Lagalla \u201cEntro il 2023 avremo strutture cimiteriali adeguate\u201d"},"content":{"rendered":"<div>\n<p>PALERMO (ITALPRESS) \u2013 \u201cGrazie al ministro per la Protezione Civile e le Politiche del Mare, Nello Musumeci, per l\u2019attenzione che ha avuto per la citt\u00e0 di Palermo e per essersi concentrato, fin dal suo insediamento, sulla criticit\u00e0 della situazione cimiteriale del capoluogo\u201d. Si apre con uno scambio di convenevoli e ringraziamenti la conferenza stampa a Palazzo delle Aquile, a Palermo, con il sindaco Roberto Lagalla, commissario straordinario per l\u2019emergenza del cimitero dei Rotoli, e l\u2019ex presidente della Regione siciliana, Nello Musumeci, oggi ministro del governo Meloni. E\u2019 un primo cittadino soddisfatto del lavoro fin qui svolto, Lagalla: \u201cQuando ci siamo insediati abbiamo trovato circa 1300 salme a deposito. Con lena e solerzia abbiamo affrontato l\u2019emergenza e siamo scesi a 1100\u201d. Colleghi di giunta a Palazzo d\u2019Orleans, con Musumeci presidente della Regione siciliana,l\u2019ex assessore regionale alla Formazione, \u00e8 consapevole del delicato ruolo di commissario straordinario per l\u2019emergenza cimiteri, affidatogli da Musumeci e, in un sabato mattina, ha tracciato un primo bilancio: \u201cSono terminati i lavori del costone roccioso di monte Pellegrino, che impediva l\u2019accesso ai campi di inumazione e sono in fase di ultimazione circa 400 loculi fuori terra \u2013 spiega Lagalla -. Ci stiamo attrezzando per la  realizzazione di loculi refrigerati per la transizione dei feretri, che non dovessero trovare immediata sepoltura\u201d. Dead line del commissario \u00e8 \u201cconsegnare entro il 2023 strutture cimiteriali adeguate e capienti rispetto ai bisogni della popolazione\u201d. Lagalla spiega il funzionamento della macchina che si dovr\u00e0 occupare dell\u2019emergenza camposanto: \u201cAbbiamo costituito l\u2019ufficio del commissario, che verr\u00e0 affidato a un dirigente comunale, coadiuvato da altri funzionari tecnici e amministrativi\u201d. Sono quattro linee di intervento, sottolinea l\u2019ex Rettore dell\u2019Universit\u00e0: \u201cGestione dei feretri del deposito, accelerazione delle  procedure per il forno crematorio esistente e di quello da realizzare, riqualificazione strutturale dell\u2019intera area del comprensorio del cimitero e, infine, convenzioni con altri comuni e altre strutture cimiteriali\u201d.   Musumeci, con un p\u00f2 di iniziale ritrosia, non si sottrae alle domande sul caso Cannes, la vicenda del finanziamento da 3 milioni e 750 mila euro affidato, senza bando pubblico, dall\u2019assessore regionale al Turismo, Francesco Paolo Scarpinato, alla societ\u00e0 Absolute Blue, con sede in Lussemburgo per l\u2019evento \u201cSicily, Woman and Cinema\u201d 2023, al prossimo Festival del Cinema di Cannes. L\u2019iniziativa era stata promossa nella precedente legislatura regionale dall\u2019ex assessore Manlio Messina, oggi deputato Fdi. \u201cHo fiducia nell\u2019operato del mio assessore Manlio  Messina, naturalmente posso parlare delle cose che appartengono alla mia gestione \u2013 ha risponsto Musumeci ai giornalisti -. Il governo aveva dato l\u2019obiettivo di promuovere la Sicilia in tutte le pi\u00f9 prestigiose sedi nazional e internazionali E\u2019 stato fatto a Cannes, con un ritorno notevole di immagine. E\u2019 questa \u00e8 la politica: come arrivare agli obiettivi, con quali procedure e tecniche, dice la legge Bassanini dal 1998, \u00e8 una competenza della burocrazia e su questo non metto lingua. Non sto parlando di responsabilit\u00e0 \u2013 ha sottolineato -. La politica fissa gli obiettivi, la burocrazia li raggiunge\u201d. E alla domanda sulle dimissioni dell\u2019assessore regionale al Turismo, Francesco Scarpinato, chieste dalle opposizioni, l\u2019ex presidente della Regione siciliana, ha concluso: \u201cIo mi fermo al 13 ottobre 2022\u201d.(ITALPRESS).<div id=\"div-gpt-ad-Messinaoggi.it-DSK-300x250-corpoart\" style=\"text-align:center;margin:0 auto;\"><\/div><\/p>\n<p>Photo Credits: xl7<div id=\"videoincontent\" style=\"clear:both\";><\/div><\/p>\n<\/div>\n","protected":false},"excerpt":{"rendered":"<p>PALERMO (ITALPRESS) \u2013 \u201cGrazie al ministro per la Protezione Civile e le Politiche del Mare, Nello Musumeci, per l\u2019attenzione che ha avuto per la citt\u00e0 di Palermo e per essersi concentrato, fin dal suo insediamento, sulla criticit\u00e0 della situazione cimiteriale del capoluogo\u201d. Si apre con uno scambio di convenevoli e ringraziamenti la conferenza stampa a [&hellip;]<\/p>\n","protected":false},"author":18,"featured_media":137714,"comment_status":"closed","ping_status":"closed","sticky":false,"template":"","format":"standard","meta":{"ub_ctt_via":"","_mi_skip_tracking":false},"categories":[2449],"tags":[783],"featured_image_src":"https:\/\/www.messinaoggi.it\/website\/wp-content\/uploads\/2023\/01\/20230114_0911.jpg","author_info":{"display_name":"Admin","author_link":"https:\/\/www.messinaoggi.it\/website\/author\/admin\/"},"digistream_id":0,"digistream":false,"_links":{"self":[{"href":"https:\/\/www.messinaoggi.it\/website\/wp-json\/wp\/v2\/posts\/137713"}],"collection":[{"href":"https:\/\/www.messinaoggi.it\/website\/wp-json\/wp\/v2\/posts"}],"about":[{"href":"https:\/\/www.messinaoggi.it\/website\/wp-json\/wp\/v2\/types\/post"}],"author":[{"embeddable":true,"href":"https:\/\/www.messinaoggi.it\/website\/wp-json\/wp\/v2\/users\/18"}],"replies":[{"embeddable":true,"href":"https:\/\/www.messinaoggi.it\/website\/wp-json\/wp\/v2\/comments?post=137713"}],"version-history":[{"count":0,"href":"https:\/\/www.messinaoggi.it\/website\/wp-json\/wp\/v2\/posts\/137713\/revisions"}],"wp:featuredmedia":[{"embeddable":true,"href":"https:\/\/www.messinaoggi.it\/website\/wp-json\/wp\/v2\/media\/137714"}],"wp:attachment":[{"href":"https:\/\/www.messinaoggi.it\/website\/wp-json\/wp\/v2\/media?parent=137713"}],"wp:term":[{"taxonomy":"category","embeddable":true,"href":"https:\/\/www.messinaoggi.it\/website\/wp-json\/wp\/v2\/categories?post=137713"},{"taxonomy":"post_tag","embeddable":true,"href":"https:\/\/www.messinaoggi.it\/website\/wp-json\/wp\/v2\/tags?post=137713"}],"curies":[{"name":"wp","href":"https:\/\/api.w.org\/{rel}","templated":true}]}}