{"id":13761,"date":"2017-12-31T09:00:44","date_gmt":"2017-12-31T08:00:44","guid":{"rendered":"http:\/\/www.messinaoggi.it\/website\/?p=13761"},"modified":"2017-12-31T09:00:44","modified_gmt":"2017-12-31T08:00:44","slug":"il-teatro-mandanici-inaugura-il-2018-con-il-grande-massimo-ranieri","status":"publish","type":"post","link":"https:\/\/www.messinaoggi.it\/website\/2017\/12\/31\/il-teatro-mandanici-inaugura-il-2018-con-il-grande-massimo-ranieri\/","title":{"rendered":"Il Teatro Mandanici  inaugura il 2018  con il grande Massimo Ranieri"},"content":{"rendered":"<p>Al Teatro Mandanici il 2018 inizia\u00a0 con l\u2019artista simbolo della seconda stagione, targata Maifredi; il suo nome \u00e8 Massimo Ranieri, che venerd\u00ec 12, alle ore 21.00, gennaio salir\u00e0 sul\u00a0 palco del teatro barcellonese\u00a0 per catturare il pubblico con il suo show evento dal titolo Sogno e son Desto.<br \/>\n<em>Si tratta di un\u00a0 inno alla vita, all\u2019amore e alla speranza<\/em>, cos\u00ec \u00e8 stato definito, lo show di Massimo Ranieri, ideato e scritto con Gualtiero Peirce, torna in una nuova edizione dopo il grande successo delle prime serate su Raiuno. Viaggio affettuoso, spettacolare e sorridente attraverso canzoni, racconti e colpi di teatro, porta sul palco, attraverso la grande arte di Ranieri, che si esibisce nel duplice ruolo di attore e cantante, la vita di tutti noi, eroi per caso, romantici sognatori, gente comune. Tra brani di teatro umoristico e le pi\u00f9 celebri canzoni napoletane, i successi di Ranieri e le novit\u00e0 musicali, non mancheranno vere e proprie sorprese, proposte secondo una formula che ha\u00a0 gi\u00e0 conquistato le platee di tutta Italia. Ad affiancare il grande artista partenopeo ci sar\u00e0 l\u2019orchestra formata da Max Rosati (chitarra), Flavio Mazzocchi (pianoforte), Pierpaolo Ranieri (basso), Luca Trolli (batteria), Donato Sensini (fiati), Stefano Indino (fisarmonica). Lo spettacolo vede Marco De Antoniis organizzatore generale e Maurizio Fabretti light designer.<br \/>\n<img loading=\"lazy\" class=\"alignnone size-medium wp-image-13763\" src=\"http:\/\/www.messinaoggi.it\/website\/wp-content\/uploads\/2017\/12\/Massimo-Ranieri-200x300.jpg\" alt=\"\" width=\"200\" height=\"300\" \/><br \/>\n\u201cSiamo felici \u2013 spiega il sindaco di Barcellona Pozzo di Gotto, <strong>Roberto Materia <\/strong>\u2013 di avere nel nostro teatro un artista cos\u00ec carismatico ed entusiasmante. Allo stesso tempo, siamo particolarmente soddisfatti della risposta del pubblico che ancora una volta offre calore, interesse, affetto e attenzione alla programmazione artistica del Teatro Mandanici\u201d. \u201cCon lo straordinario show di Ranieri, ma anche con gli altri appuntamenti in cartellone, compresi quelli del 2018, dal family show dell\u2019artista internazionale Marco Zoppi, \u2018Bubbles\u2019, al concerto di Jarabe De Palo, dall\u2019opera lirica con \u2018Il Barbiere di Siviglia\u2019 a \u2018Il canto di Nessuno\u2019 che chiuder\u00e0 l\u2019anno ed \u00e8 la seconda produzione di questa Stagione 2017\/2018 \u2013 aggiunge il direttore artistico <strong>Sergio Maifredi<\/strong> &#8211; il Teatro Mandanici si dimostra realt\u00e0 ormai consolidata e importante nel panorama siciliano, ma anche in quello nazionale. E le centinaia e centinaia di spettatori che ad ogni spettacolo affollano la platea ne danno la piena riprova\u201d.<br \/>\nPreparatevi, dunque, ad essere\u00a0 travolti\u00a0 dalla prorompente energia\u00a0 di un\u2019artista unico nel suo genere.<div id=\"div-gpt-ad-Messinaoggi.it-DSK-300x250-corpoart\" style=\"text-align:center;margin:0 auto;\"><\/div><\/p>\n<div id=\"videoincontent\" style=\"clear:both\";><\/div>","protected":false},"excerpt":{"rendered":"<p>Al Teatro Mandanici il 2018 inizia\u00a0 con l\u2019artista simbolo della seconda stagione, targata Maifredi; il suo nome \u00e8 Massimo Ranieri, che venerd\u00ec 12, alle ore 21.00, gennaio salir\u00e0 sul\u00a0 palco del teatro barcellonese\u00a0 per catturare il pubblico con il suo show evento dal titolo Sogno e son Desto. Si tratta di un\u00a0 inno alla vita, [&hellip;]<\/p>\n","protected":false},"author":5,"featured_media":13762,"comment_status":"closed","ping_status":"open","sticky":false,"template":"","format":"standard","meta":{"ub_ctt_via":"","_mi_skip_tracking":false},"categories":[17],"tags":[],"featured_image_src":"https:\/\/www.messinaoggi.it\/website\/wp-content\/uploads\/2017\/12\/Massimo_Ranieri-1.jpg","author_info":{"display_name":"Maria Antonella Saia","author_link":"https:\/\/www.messinaoggi.it\/website\/author\/m-saia\/"},"digistream_id":0,"digistream":false,"_links":{"self":[{"href":"https:\/\/www.messinaoggi.it\/website\/wp-json\/wp\/v2\/posts\/13761"}],"collection":[{"href":"https:\/\/www.messinaoggi.it\/website\/wp-json\/wp\/v2\/posts"}],"about":[{"href":"https:\/\/www.messinaoggi.it\/website\/wp-json\/wp\/v2\/types\/post"}],"author":[{"embeddable":true,"href":"https:\/\/www.messinaoggi.it\/website\/wp-json\/wp\/v2\/users\/5"}],"replies":[{"embeddable":true,"href":"https:\/\/www.messinaoggi.it\/website\/wp-json\/wp\/v2\/comments?post=13761"}],"version-history":[{"count":0,"href":"https:\/\/www.messinaoggi.it\/website\/wp-json\/wp\/v2\/posts\/13761\/revisions"}],"wp:featuredmedia":[{"embeddable":true,"href":"https:\/\/www.messinaoggi.it\/website\/wp-json\/wp\/v2\/media\/13762"}],"wp:attachment":[{"href":"https:\/\/www.messinaoggi.it\/website\/wp-json\/wp\/v2\/media?parent=13761"}],"wp:term":[{"taxonomy":"category","embeddable":true,"href":"https:\/\/www.messinaoggi.it\/website\/wp-json\/wp\/v2\/categories?post=13761"},{"taxonomy":"post_tag","embeddable":true,"href":"https:\/\/www.messinaoggi.it\/website\/wp-json\/wp\/v2\/tags?post=13761"}],"curies":[{"name":"wp","href":"https:\/\/api.w.org\/{rel}","templated":true}]}}