{"id":137582,"date":"2023-01-13T16:02:53","date_gmt":"2023-01-13T15:02:53","guid":{"rendered":"https:\/\/www.messinaoggi.it\/website\/2023\/01\/13\/ersu-palermo-si-insedia-il-presidente-damico-studenti-al-centro-del-mio-mandato\/"},"modified":"2023-01-13T16:02:53","modified_gmt":"2023-01-13T15:02:53","slug":"ersu-palermo-si-insedia-il-presidente-damico-studenti-al-centro-del-mio-mandato","status":"publish","type":"post","link":"https:\/\/www.messinaoggi.it\/website\/2023\/01\/13\/ersu-palermo-si-insedia-il-presidente-damico-studenti-al-centro-del-mio-mandato\/","title":{"rendered":"Ersu Palermo, si insedia il presidente D\u2019Amico \u201cStudenti al centro del mio mandato\u201d"},"content":{"rendered":"<div>\n<p>PALERMO (ITALPRESS) \u2013 \u201cL\u2019ERSU di Palermo \u00e8 un fiore all\u2019occhiello della Regione Siciliana grazie alle istituzioni politiche che si sono succedute nel corso del tempo in Sicilia, a coloro che lo hanno finora governato e a tutto il personale che vi lavora a qualsiasi titolo, di cui sono note qualit\u00e0 professionali e umane. E\u2019 per questo motivo che intendo garantire la continuit\u00e0 amministrativa continuando a mettere gli studenti al centro del mandato conferitomi dal governo regionale. Innanzitutto, \u00e8 perci\u00f2 mia intenzione ascoltare gli studenti direttamente, attraverso l\u2019incontro con le rappresentanze e tutte le associazioni universitarie\u201d. A dichiararlo \u00e8 Michele D\u2019Amico, palermitano, sessantenne, sposato e con due figli, insediatosi oggi come presidente dell\u2019ERSU di Palermo. Dottore in Scienze politiche, \u00e8 attualmente funzionario regionale in forza presso l\u2019assessorato dei Beni culturali, \u00e8 stato anche docente ed \u00e8 un esperto in relazioni industriali per la sua ventennale esperienza sindacale.<br \/>\u201cLavorer\u00f2 \u2013 commenta il neo presidente D\u2019Amico \u2013 in sinergia con le linee programmatiche dell\u2019assessore dell\u2019Istruzione Girolamo Turano e del Governo Regionale Schifani, dialogando con tutte le istituzioni universitarie del territorio e dell\u2019alta formazione artistica e musicale della Sicilia occidentale, soprattutto per migliorare la quantit\u00e0 e la qualit\u00e0 dei servizi che l\u2019ERSU di Palermo eroga agli studenti di universit\u00e0, accademie di belle arti e conservatori di musica\u201d. <br \/>\u201cIn un momento di cos\u00ec delicata sofferenza economica \u2013 continua Michele D\u2019Amico \u2013 insieme al Consiglio di amministrazione e a tutti i lavoratori dell\u2019ERSU, partendo dall\u2019obiettivo prioritario di garantire entro il 30 aprile il pagamento del 100 per cento delle borse di studio, concentreremo l\u2019attenzione nel valutare e rilanciare il livello di qualit\u00e0 degli edifici che ospitano gli studenti e della ristorazione universitaria, lavorando anche per ampliare ulteriormente l\u2019offerta di posti letto attraverso l\u2019utilizzo delle risorse del PNRR\u201d. \u201cInoltre \u2013 prosegue il presidente di ERSU Palermo \u2013 \u00e8 mia intenzione attivare sinergie tra universit\u00e0, studenti e mondo del lavoro, avviando percorsi che vedano coinvolti tutti i soggetti interessati, affinch\u00e8 gli studenti che si laureano in Sicilia possano trovare occupazione possibilmente nell\u2019Isola\u201d. \u201cDai giovani dipende il futuro della nostra societ\u00e0 \u2013 conclude D\u2019Amico \u2013 e maggiori saranno le loro conoscenze, migliore sar\u00e0 la nostra comunit\u00e0. Il futuro dipende soprattutto dai nostri desideri, dalle nostre paure, dalle nostre speranze, da come lo immaginiamo e da come lo interpretiamo: anche per questo \u00e8 necessario comprendere le esigenze dei giovani attraverso l\u2019ascolto\u201d. <br \/>foto ufficio stampa Ersu Palermo<br \/>(ITALPRESS).<div id=\"div-gpt-ad-Messinaoggi.it-DSK-300x250-corpoart\" style=\"text-align:center;margin:0 auto;\"><\/div><\/p>\n<\/div>\n<div id=\"videoincontent\" style=\"clear:both\";><\/div>","protected":false},"excerpt":{"rendered":"<p>PALERMO (ITALPRESS) \u2013 \u201cL\u2019ERSU di Palermo \u00e8 un fiore all\u2019occhiello della Regione Siciliana grazie alle istituzioni politiche che si sono succedute nel corso del tempo in Sicilia, a coloro che lo hanno finora governato e a tutto il personale che vi lavora a qualsiasi titolo, di cui sono note qualit\u00e0 professionali e umane. E\u2019 per [&hellip;]<\/p>\n","protected":false},"author":18,"featured_media":137583,"comment_status":"closed","ping_status":"closed","sticky":false,"template":"","format":"standard","meta":{"ub_ctt_via":"","_mi_skip_tracking":false},"categories":[2449],"tags":[783],"featured_image_src":"https:\/\/www.messinaoggi.it\/website\/wp-content\/uploads\/2023\/01\/20230113_1342.jpg","author_info":{"display_name":"Admin","author_link":"https:\/\/www.messinaoggi.it\/website\/author\/admin\/"},"digistream_id":0,"digistream":false,"_links":{"self":[{"href":"https:\/\/www.messinaoggi.it\/website\/wp-json\/wp\/v2\/posts\/137582"}],"collection":[{"href":"https:\/\/www.messinaoggi.it\/website\/wp-json\/wp\/v2\/posts"}],"about":[{"href":"https:\/\/www.messinaoggi.it\/website\/wp-json\/wp\/v2\/types\/post"}],"author":[{"embeddable":true,"href":"https:\/\/www.messinaoggi.it\/website\/wp-json\/wp\/v2\/users\/18"}],"replies":[{"embeddable":true,"href":"https:\/\/www.messinaoggi.it\/website\/wp-json\/wp\/v2\/comments?post=137582"}],"version-history":[{"count":0,"href":"https:\/\/www.messinaoggi.it\/website\/wp-json\/wp\/v2\/posts\/137582\/revisions"}],"wp:featuredmedia":[{"embeddable":true,"href":"https:\/\/www.messinaoggi.it\/website\/wp-json\/wp\/v2\/media\/137583"}],"wp:attachment":[{"href":"https:\/\/www.messinaoggi.it\/website\/wp-json\/wp\/v2\/media?parent=137582"}],"wp:term":[{"taxonomy":"category","embeddable":true,"href":"https:\/\/www.messinaoggi.it\/website\/wp-json\/wp\/v2\/categories?post=137582"},{"taxonomy":"post_tag","embeddable":true,"href":"https:\/\/www.messinaoggi.it\/website\/wp-json\/wp\/v2\/tags?post=137582"}],"curies":[{"name":"wp","href":"https:\/\/api.w.org\/{rel}","templated":true}]}}