{"id":137490,"date":"2023-01-12T20:32:53","date_gmt":"2023-01-12T19:32:53","guid":{"rendered":"https:\/\/www.messinaoggi.it\/website\/2023\/01\/12\/schifani-revocata-la-partecipazione-della-sicilia-a-cannes\/"},"modified":"2023-01-12T20:32:53","modified_gmt":"2023-01-12T19:32:53","slug":"schifani-revocata-la-partecipazione-della-sicilia-a-cannes","status":"publish","type":"post","link":"https:\/\/www.messinaoggi.it\/website\/2023\/01\/12\/schifani-revocata-la-partecipazione-della-sicilia-a-cannes\/","title":{"rendered":"Schifani \u201cRevocata la partecipazione della Sicilia a Cannes\u201d"},"content":{"rendered":"<div>\n<p>PALERMO (ITALPRESS) \u2013 \u201cE\u2019 pervenuta in questi minuti la revoca per l\u2019iniziativa di Cannes da parte dell\u2019assessorato al Turismo\u201d. Lo ha annunciato il presidente della Regione Siciliana Renato Schifani, intervistato al Tg4. Ieri lo stesso Schifani, con una nota indirizzata all\u2019assessore regionale e al dirigente generale al Turismo, allo Sport e allo Spettacolo, in relazione alla partecipazione della Regione Siciliana alla prossima edizione del Festival internazionale del cinema di Cannes, aveva chiesto di adottare la revoca in autotutela di ogni atto potenzialmente produttore di danno e responsabilit\u00e0 in capo alla Regione<br \/>\nSiciliana.<br \/>\n\u201cDopo avere ricevuto il parere dell\u2019avvocatura \u2013 ha detto Schifani \u2013 ho chiesto l\u2019annullamento. Il danno di immagine c\u2019\u00e8 stato, voglio che gli italiani sappiano che in Sicilia esiste un controllo istituzionale che vigila e interviene, cos\u00ec come \u00e8 accaduto per la vicenda del cartello delle compagnie aeree per i voli in Sicilia. Ci stiamo battendo affinch\u00e8 un terzo vettore possa venire in Sicilia con un conseguente ribasso dei prezzi\u201d.<br \/>\nTornando alla vicenda della mostra di Cannes: \u201cA chi saranno destinati quei soldi? Purtroppo sono stati persi e andavano utilizzati entro l\u2019anno, quello che mi spiace \u00e8 che questi interventi siano arrivati il 30 dicembre, senza una concertazione di giunta. Io li avrei spesi per portare avanti il brand Sicilia nel mondo\u201d.<div id=\"div-gpt-ad-Messinaoggi.it-DSK-300x250-corpoart\" style=\"text-align:center;margin:0 auto;\"><\/div><\/p>\n<p>-foto agenziafotogramma.it \u2013<br \/>\n(ITALPRESS).<div id=\"videoincontent\" style=\"clear:both\";><\/div><\/p>\n<\/div>\n","protected":false},"excerpt":{"rendered":"<p>PALERMO (ITALPRESS) \u2013 \u201cE\u2019 pervenuta in questi minuti la revoca per l\u2019iniziativa di Cannes da parte dell\u2019assessorato al Turismo\u201d. Lo ha annunciato il presidente della Regione Siciliana Renato Schifani, intervistato al Tg4. Ieri lo stesso Schifani, con una nota indirizzata all\u2019assessore regionale e al dirigente generale al Turismo, allo Sport e allo Spettacolo, in relazione [&hellip;]<\/p>\n","protected":false},"author":18,"featured_media":137491,"comment_status":"closed","ping_status":"closed","sticky":false,"template":"","format":"standard","meta":{"ub_ctt_via":"","_mi_skip_tracking":false},"categories":[2449],"tags":[783],"featured_image_src":"https:\/\/www.messinaoggi.it\/website\/wp-content\/uploads\/2023\/01\/20221113_0348.jpg","author_info":{"display_name":"Admin","author_link":"https:\/\/www.messinaoggi.it\/website\/author\/admin\/"},"digistream_id":0,"digistream":false,"_links":{"self":[{"href":"https:\/\/www.messinaoggi.it\/website\/wp-json\/wp\/v2\/posts\/137490"}],"collection":[{"href":"https:\/\/www.messinaoggi.it\/website\/wp-json\/wp\/v2\/posts"}],"about":[{"href":"https:\/\/www.messinaoggi.it\/website\/wp-json\/wp\/v2\/types\/post"}],"author":[{"embeddable":true,"href":"https:\/\/www.messinaoggi.it\/website\/wp-json\/wp\/v2\/users\/18"}],"replies":[{"embeddable":true,"href":"https:\/\/www.messinaoggi.it\/website\/wp-json\/wp\/v2\/comments?post=137490"}],"version-history":[{"count":0,"href":"https:\/\/www.messinaoggi.it\/website\/wp-json\/wp\/v2\/posts\/137490\/revisions"}],"wp:featuredmedia":[{"embeddable":true,"href":"https:\/\/www.messinaoggi.it\/website\/wp-json\/wp\/v2\/media\/137491"}],"wp:attachment":[{"href":"https:\/\/www.messinaoggi.it\/website\/wp-json\/wp\/v2\/media?parent=137490"}],"wp:term":[{"taxonomy":"category","embeddable":true,"href":"https:\/\/www.messinaoggi.it\/website\/wp-json\/wp\/v2\/categories?post=137490"},{"taxonomy":"post_tag","embeddable":true,"href":"https:\/\/www.messinaoggi.it\/website\/wp-json\/wp\/v2\/tags?post=137490"}],"curies":[{"name":"wp","href":"https:\/\/api.w.org\/{rel}","templated":true}]}}