{"id":137427,"date":"2023-01-12T17:17:52","date_gmt":"2023-01-12T16:17:52","guid":{"rendered":"https:\/\/www.messinaoggi.it\/website\/2023\/01\/12\/schifani-polo-pediatrico-di-palermo-nostro-grande-obiettivo\/"},"modified":"2023-01-12T17:17:52","modified_gmt":"2023-01-12T16:17:52","slug":"schifani-polo-pediatrico-di-palermo-nostro-grande-obiettivo","status":"publish","type":"post","link":"https:\/\/www.messinaoggi.it\/website\/2023\/01\/12\/schifani-polo-pediatrico-di-palermo-nostro-grande-obiettivo\/","title":{"rendered":"Schifani \u201cPolo pediatrico di Palermo nostro grande obiettivo\u201d"},"content":{"rendered":"<div>\n<p>PALERMO (ITALPRESS) \u2013 \u00abIl Polo pediatrico \u00e8 il nostro grande obiettivo\u00bb. Lo ha detto il presidente della Regione Siciliana, Renato Schifani, partecipando stamani all\u2019inaugurazione del nuovo reparto di Malattie infettive con dieci posti fra terapia sub-intensiva e intensiva all\u2019Ospedale dei Bambini Di Cristina di Palermo. \u00abSi tratta di un obiettivo \u2013 ha aggiunto Schifani \u2013 che intendo raggiungere a tutti i costi. Completare i lavori del grande Polo pediatrico di Palermo, che diventer\u00e0 centro di riferimento per tutta l\u2019Italia meridionale, \u00e8 la grande scommessa che abbiamo fatto. I genitori con bambini affetti da gravi malattie non devono soffrire ancora di pi\u00f9 perch\u00e8 costretti a portare i propri figli a Roma o a Milano\u00bb.<br \/>Al taglio del nastro del nuovo reparto erano presenti oltre al presidente Schifani, nella qualit\u00e0 di Commissario delegato per il potenziamento della rete ospedaliera, l\u2019assessore regionale alla Salute, Giovanna Volo, il dirigente generale del dipartimento Asoe, Salvatore Requirez, il direttore generale dell\u2019Arnas Civico, Roberto Colletti, il soggetto attuatore del Commissario delegato per l\u2019edilizia sanitaria, Salvatore Lizzio, il direttore del 118 di Palermo e Trapani, Fabio Genco, il direttore sanitario dell\u2019ospedale Di Cristina, Maril\u00f9 Furnari, il direttore del dipartimento Pediatria, Giovanni Corsello, e il direttore dell\u2019Uoc Malattie infettive, Claudia Colomba.<br \/>La ristrutturazione del reparto pediatrico di Malattie infettive al 4\u00b0 piano \u201cMaggiore\u201d, avviata nella primavera 2021, per una spesa di oltre 1,8 milioni di euro, rientra tra le opere di potenziamento della rete ospedaliera regionale, avviate dalla Struttura del Commissario delegato.<br \/>\u00abQuesti dieci posti letto\u00a0\u2013 dice l\u2019assessore alla Salute, Giovanna Volo\u00a0\u2013\u00a0rientrano nell\u2019ambito del potenziamento complessivo dell\u2019ospedale pediatrico Di Cristina  Ci auguriamo che non siano utilizzati per eventi pandemici ma questa dotazione consentir\u00e0 di dare risposte pi\u00f9 adeguate alle esigenze di cura ad alta intensit\u00e0 e aiuter\u00e0 gli operatori a garantire una assistenza qualificata e consistente al bisogno e alla domanda di salute che viene dal territorio\u00bb.<br \/>\u00abQuesta inaugurazione\u00a0\u2013 spiega il\u00a0dirigente generale Dasoe, Salvatore Requirez\u00a0\u2013\u00a0cade opportunamente all\u2019interno di una stagione che manifesta da sempre un incremento dei casi di infezioni polmonari.\u00a0Abbiamo registrato ultimamente difficolt\u00e0 nella reperibilit\u00e0 di posti letto per i ricoveri a causa della bronchiolite, soprattutto in et\u00e0 neonatale. Questa opportunit\u00e0 \u00e8 un segnale importante verso un allargamento a un bacino di utenza che non sar\u00e0 pi\u00f9 solo limitato alla provincia di Palermo\u00bb.<br \/>L\u2019intervento ha permesso di realizzare 10 nuovi posti letto (8 di terapia sub-intensiva e 2 di terapia intensiva). Sono stati installati un sistema di climatizzazione a pressione controllata per ogni singola stanza di degenza, un impianto di gas medicali, un impianto di rivelazioni fumi, un sistema di chiamata infermieri, con videocitofoni in ogni stanza per mettersi in contatto con gli operatori sanitari.<br \/>Il reparto \u00e8 stato dotato di tutte le attrezzature sanitarie necessarie con un investimento di altri 344 mila euro pi\u00f9 Iva. Alle pareti \u00e8 stato realizzato un \u201ctema narrativo\u201d con pellicola adesiva antivirale, dal titolo \u201cUn Mondo a colori\u201d, che racconta tutti i continenti e la descrizione degli animali e dei prodotti tipici di ogni Paese. All\u2019ingresso una targa in ricordo del professore Giuseppe Cascio, pioniere dell\u2019infettivologia pediatrica. La progettazione definitiva \u00e8 stata curata dall\u2019Uoc Gestione tecnica dell\u2019Arnas. I lavori sono stati realizzati dall\u2019impresa appaltatrice Consorzio Conpat scarl di Roma.<div id=\"div-gpt-ad-Messinaoggi.it-DSK-300x250-corpoart\" style=\"text-align:center;margin:0 auto;\"><\/div><\/p>\n<p>\u2013 foto: ufficio stampa Regione Siciliana<div id=\"videoincontent\" style=\"clear:both\";><\/div><\/p>\n<p>(ITALPRESS).<\/p>\n<\/div>\n","protected":false},"excerpt":{"rendered":"<p>PALERMO (ITALPRESS) \u2013 \u00abIl Polo pediatrico \u00e8 il nostro grande obiettivo\u00bb. Lo ha detto il presidente della Regione Siciliana, Renato Schifani, partecipando stamani all\u2019inaugurazione del nuovo reparto di Malattie infettive con dieci posti fra terapia sub-intensiva e intensiva all\u2019Ospedale dei Bambini Di Cristina di Palermo. \u00abSi tratta di un obiettivo \u2013 ha aggiunto Schifani \u2013 [&hellip;]<\/p>\n","protected":false},"author":18,"featured_media":137428,"comment_status":"closed","ping_status":"closed","sticky":false,"template":"","format":"standard","meta":{"ub_ctt_via":"","_mi_skip_tracking":false},"categories":[2449],"tags":[783],"featured_image_src":"https:\/\/www.messinaoggi.it\/website\/wp-content\/uploads\/2023\/01\/20230112_1773.jpg","author_info":{"display_name":"Admin","author_link":"https:\/\/www.messinaoggi.it\/website\/author\/admin\/"},"digistream_id":0,"digistream":false,"_links":{"self":[{"href":"https:\/\/www.messinaoggi.it\/website\/wp-json\/wp\/v2\/posts\/137427"}],"collection":[{"href":"https:\/\/www.messinaoggi.it\/website\/wp-json\/wp\/v2\/posts"}],"about":[{"href":"https:\/\/www.messinaoggi.it\/website\/wp-json\/wp\/v2\/types\/post"}],"author":[{"embeddable":true,"href":"https:\/\/www.messinaoggi.it\/website\/wp-json\/wp\/v2\/users\/18"}],"replies":[{"embeddable":true,"href":"https:\/\/www.messinaoggi.it\/website\/wp-json\/wp\/v2\/comments?post=137427"}],"version-history":[{"count":0,"href":"https:\/\/www.messinaoggi.it\/website\/wp-json\/wp\/v2\/posts\/137427\/revisions"}],"wp:featuredmedia":[{"embeddable":true,"href":"https:\/\/www.messinaoggi.it\/website\/wp-json\/wp\/v2\/media\/137428"}],"wp:attachment":[{"href":"https:\/\/www.messinaoggi.it\/website\/wp-json\/wp\/v2\/media?parent=137427"}],"wp:term":[{"taxonomy":"category","embeddable":true,"href":"https:\/\/www.messinaoggi.it\/website\/wp-json\/wp\/v2\/categories?post=137427"},{"taxonomy":"post_tag","embeddable":true,"href":"https:\/\/www.messinaoggi.it\/website\/wp-json\/wp\/v2\/tags?post=137427"}],"curies":[{"name":"wp","href":"https:\/\/api.w.org\/{rel}","templated":true}]}}