{"id":137421,"date":"2023-01-12T16:07:57","date_gmt":"2023-01-12T15:07:57","guid":{"rendered":"https:\/\/www.messinaoggi.it\/website\/2023\/01\/12\/giubileo-2025-al-via-87-interventi-per-18-miliardi\/"},"modified":"2023-01-12T16:07:57","modified_gmt":"2023-01-12T15:07:57","slug":"giubileo-2025-al-via-87-interventi-per-18-miliardi","status":"publish","type":"post","link":"https:\/\/www.messinaoggi.it\/website\/2023\/01\/12\/giubileo-2025-al-via-87-interventi-per-18-miliardi\/","title":{"rendered":"Giubileo 2025, al via 87 interventi per 1,8 miliardi"},"content":{"rendered":"<div>ROMA (ITALPRESS) &#8211; Il Sottosegretario alla Presidenza del Consiglio, Alfredo Mantovano e il Commissario Straordinario al Giubileo 2025, Roberto Gualtieri, hanno illustrato alla stampa il Dpcm sull&#8217;approvazione della proposta di programma degli interventi connessi alle celebrazioni del Giubileo della Chiesa cattolica per il 2025.<br \/>Si tratta di un primo gruppo di 87 interventi &#8211; dei quali 32 progetti di riqualificazione e valorizzazione, altri 23 relativi ad accessibilit\u00e0 e mobilit\u00e0, 8 dedicati al capitolo accoglienza e partecipazione e 24 per ambiente e territorio &#8211; per 1,8 miliardi di risorse complessive (di cui 1 miliardo di fondi giubilari), alle quali si aggiungono ulteriori 500 milioni di euro che riguardano invece i 335 interventi gi\u00e0 definiti con fondi Pnrr per la realizzazione del Piano &#8220;Caput Mundi&#8221;.<br \/>Per Gualtieri &#8220;quello di oggi \u00e8 un atto fondamentale e ringrazio il governo che ha lavorato tempestivamente dopo l&#8217;insediamento. Questo ci ha consentito di presentare un programma che siamo in condizione di realizzare&#8221;.<br \/>&#8220;Sui tempi per la realizzazione delle opere incide positivamente la configurazione dei poteri del commissario straordinario, che pu\u00f2 agire in deroga, e incide anche la cura che sar\u00e0 garantita nei confronti di ogni tentativo di infiltrazione da parte della criminalit\u00e0 organizzata&#8221;, ha detto il sottosegretario alla presidenza del Consiglio Alfredo Mantovano. <br \/>Il premier Giorgia Meloni, sottolinea, in una nota, che &#8220;Roma e l&#8217;Italia intera si preparano a celebrare un evento indissolubilmente legato all&#8217;identit\u00e0 stessa della Citt\u00e0 Eterna, che \u00e8 capitale del Cristianesimo e che ospita lo Stato della Citt\u00e0 del Vaticano. C&#8217;\u00e8 molto lavoro da fare ma, in stretta sinergia con la Santa Sede e Roma Capitale, assicureremo tutta la nostra collaborazione e il nostro impegno per far in modo che la Capitale e la Nazione siano pronti ad ospitare milioni di pellegrini da tutto il mondo e vivere un evento storico com&#8217;\u00e8 il Giubileo&#8221;.<br \/>-foto agenziafotogramma.it-<br \/>(ITALPRESS).<\/div>\n<div id=\"div-gpt-ad-Messinaoggi.it-DSK-300x250-corpoart\" style=\"text-align:center;margin:0 auto;\"><\/div><\/p><div id=\"videoincontent\" style=\"clear:both\";><\/div>","protected":false},"excerpt":{"rendered":"<p>ROMA (ITALPRESS) &#8211; Il Sottosegretario alla Presidenza del Consiglio, Alfredo Mantovano e il Commissario Straordinario al Giubileo 2025, Roberto Gualtieri, hanno illustrato alla stampa il Dpcm sull&#8217;approvazione della proposta di programma degli interventi connessi alle celebrazioni del Giubileo della Chiesa cattolica per il 2025.Si tratta di un primo gruppo di 87 interventi &#8211; dei quali [&hellip;]<\/p>\n","protected":false},"author":18,"featured_media":137422,"comment_status":"closed","ping_status":"closed","sticky":false,"template":"","format":"standard","meta":{"ub_ctt_via":"","_mi_skip_tracking":false},"categories":[446],"tags":[783],"featured_image_src":"https:\/\/www.messinaoggi.it\/website\/wp-content\/uploads\/2023\/01\/20230112_1514.jpg","author_info":{"display_name":"Admin","author_link":"https:\/\/www.messinaoggi.it\/website\/author\/admin\/"},"digistream_id":0,"digistream":false,"_links":{"self":[{"href":"https:\/\/www.messinaoggi.it\/website\/wp-json\/wp\/v2\/posts\/137421"}],"collection":[{"href":"https:\/\/www.messinaoggi.it\/website\/wp-json\/wp\/v2\/posts"}],"about":[{"href":"https:\/\/www.messinaoggi.it\/website\/wp-json\/wp\/v2\/types\/post"}],"author":[{"embeddable":true,"href":"https:\/\/www.messinaoggi.it\/website\/wp-json\/wp\/v2\/users\/18"}],"replies":[{"embeddable":true,"href":"https:\/\/www.messinaoggi.it\/website\/wp-json\/wp\/v2\/comments?post=137421"}],"version-history":[{"count":0,"href":"https:\/\/www.messinaoggi.it\/website\/wp-json\/wp\/v2\/posts\/137421\/revisions"}],"wp:featuredmedia":[{"embeddable":true,"href":"https:\/\/www.messinaoggi.it\/website\/wp-json\/wp\/v2\/media\/137422"}],"wp:attachment":[{"href":"https:\/\/www.messinaoggi.it\/website\/wp-json\/wp\/v2\/media?parent=137421"}],"wp:term":[{"taxonomy":"category","embeddable":true,"href":"https:\/\/www.messinaoggi.it\/website\/wp-json\/wp\/v2\/categories?post=137421"},{"taxonomy":"post_tag","embeddable":true,"href":"https:\/\/www.messinaoggi.it\/website\/wp-json\/wp\/v2\/tags?post=137421"}],"curies":[{"name":"wp","href":"https:\/\/api.w.org\/{rel}","templated":true}]}}