{"id":137387,"date":"2023-01-12T13:18:57","date_gmt":"2023-01-12T12:18:57","guid":{"rendered":"http:\/\/www.messinaoggi.it\/website\/?p=137387"},"modified":"2023-01-12T13:18:59","modified_gmt":"2023-01-12T12:18:59","slug":"consegnato-oggi-autoveicolo-per-persone-a-ridotta-mobilita","status":"publish","type":"post","link":"https:\/\/www.messinaoggi.it\/website\/2023\/01\/12\/consegnato-oggi-autoveicolo-per-persone-a-ridotta-mobilita\/","title":{"rendered":"Consegnato oggi autoveicolo per persone a ridotta mobilit\u00e0"},"content":{"rendered":"\n<p>Presenti il Sindaco <strong>Federico Basile<\/strong> e l\u2019Assessore alle Politiche Sociali <strong>Alessandra Calafiore, <\/strong>\u00e8 stato consegnato oggi il secondo autoveicolo attrezzato per persone con ridotta\u00a0 mobilit\u00e0 motoria, nel corso di una cerimonia nello spazio antistante Palazzo Zanca, cui hanno partecipato il Presidente della cooperativa sociale C.A.S. <strong>Agatino Cundari<\/strong> e altri protagonisti dell\u2019iniziativa. Il mezzo \u00e8 un super Dobl\u00f2 xl con pedana elettrica, identico a quello concesso in comodato gratuito lo scorso 6 ottobre 2022 per venire incontro alle esigenze di mobilit\u00e0 delle persone con limitate abilit\u00e0 motorie, anziani e minori.<div id=\"div-gpt-ad-Messinaoggi.it-DSK-300x250-corpoart\" style=\"text-align:center;margin:0 auto;\"><\/div><\/p>\n\n\n\n<figure class=\"wp-block-image size-large\"><img loading=\"lazy\" width=\"1024\" height=\"768\" src=\"http:\/\/www.messinaoggi.it\/website\/wp-content\/uploads\/2023\/01\/Consegnato-mezzo-1-1024x768.jpg\" alt=\"\" class=\"wp-image-137393\" srcset=\"https:\/\/www.messinaoggi.it\/website\/wp-content\/uploads\/2023\/01\/Consegnato-mezzo-1-1024x768.jpg 1024w, https:\/\/www.messinaoggi.it\/website\/wp-content\/uploads\/2023\/01\/Consegnato-mezzo-1-300x225.jpg 300w, https:\/\/www.messinaoggi.it\/website\/wp-content\/uploads\/2023\/01\/Consegnato-mezzo-1-768x576.jpg 768w, https:\/\/www.messinaoggi.it\/website\/wp-content\/uploads\/2023\/01\/Consegnato-mezzo-1-1536x1152.jpg 1536w, https:\/\/www.messinaoggi.it\/website\/wp-content\/uploads\/2023\/01\/Consegnato-mezzo-1-2048x1536.jpg 2048w\" sizes=\"(max-width: 1024px) 100vw, 1024px\" \/><\/figure>\n\n\n\n<p><br>\u201cLa sinergia tra Amministrazione comunale, PMG Italia e la cooperativa sociale C.A.S. \u2013 ha spiegato il Sindaco Basile \u2013 permette la realizzazione di un progetto di integrazione di politiche e realt\u00e0 sociali a favore delle fasce pi\u00f9 deboli della nostra comunit\u00e0. Ringrazio i vari attori protagonisti di questo progetto, reso possibile grazie al contributo fondamentale attraverso una sponsorizzazione da parte degli imprenditori della nostra citt\u00e0. Quello di oggi \u00e8 un esempio di percorso condiviso finalizzato al bene della collettivit\u00e0, di cui Messina ha bisogno nel sociale e in altri settori, per proseguire la sua opera di rilancio e di crescita\u201d.<div id=\"videoincontent\" style=\"clear:both\";><\/div><\/p>\n\n\n\n<figure class=\"wp-block-image size-large\"><img loading=\"lazy\" width=\"461\" height=\"1024\" src=\"http:\/\/www.messinaoggi.it\/website\/wp-content\/uploads\/2023\/01\/Consegnato-mezzo-4-461x1024.jpg\" alt=\"\" class=\"wp-image-137390\" srcset=\"https:\/\/www.messinaoggi.it\/website\/wp-content\/uploads\/2023\/01\/Consegnato-mezzo-4-461x1024.jpg 461w, https:\/\/www.messinaoggi.it\/website\/wp-content\/uploads\/2023\/01\/Consegnato-mezzo-4-135x300.jpg 135w, https:\/\/www.messinaoggi.it\/website\/wp-content\/uploads\/2023\/01\/Consegnato-mezzo-4-691x1536.jpg 691w, https:\/\/www.messinaoggi.it\/website\/wp-content\/uploads\/2023\/01\/Consegnato-mezzo-4.jpg 720w\" sizes=\"(max-width: 461px) 100vw, 461px\" \/><\/figure>\n\n\n\n<p>\u201cLa volont\u00e0 e la partecipazione di numerosi imprenditori messinesi \u2013 ha proseguito l\u2019Assessore Calafiore \u2013 consente oggi di avere un altro autoveicolo al servizio delle persone con mobilit\u00e0 ridotta. L\u2019obiettivo dell\u2019Amministrazione \u00e8 lavorare insieme alle risorse del nostro territorio, per aiutare i soggetti fragili attraverso forme di collaborazione ispirate ai principi di solidariet\u00e0 sociale. Nel corso delle festivit\u00e0 natalizie abbiamo usufruito del mezzo, garantendo all\u2019interno dell\u2019isola pedonale un servizio ancora pi\u00f9 efficace di mobilit\u00e0 sociale\u201d.<\/p>\n\n\n\n<figure class=\"wp-block-image size-large\"><img loading=\"lazy\" width=\"1024\" height=\"768\" src=\"http:\/\/www.messinaoggi.it\/website\/wp-content\/uploads\/2023\/01\/Consegnato-mezzo-1-1024x768.jpg\" alt=\"\" class=\"wp-image-137393\" srcset=\"https:\/\/www.messinaoggi.it\/website\/wp-content\/uploads\/2023\/01\/Consegnato-mezzo-1-1024x768.jpg 1024w, https:\/\/www.messinaoggi.it\/website\/wp-content\/uploads\/2023\/01\/Consegnato-mezzo-1-300x225.jpg 300w, https:\/\/www.messinaoggi.it\/website\/wp-content\/uploads\/2023\/01\/Consegnato-mezzo-1-768x576.jpg 768w, https:\/\/www.messinaoggi.it\/website\/wp-content\/uploads\/2023\/01\/Consegnato-mezzo-1-1536x1152.jpg 1536w, https:\/\/www.messinaoggi.it\/website\/wp-content\/uploads\/2023\/01\/Consegnato-mezzo-1-2048x1536.jpg 2048w\" sizes=\"(max-width: 1024px) 100vw, 1024px\" \/><\/figure>\n\n\n\n<p>Il Presidente della cooperativa sociale C.A.S. Cundari ha spiegato che \u201c\u00e9 possibile richiedere l\u2019utilizzo del mezzo con una prenotazione, telefonando al referente della cooperativa sociale C.A.S. al numero 090-2927681, da luned\u00ec a venerd\u00ec, dalle ore 9 alle 13 e dalle 15 alle 17. Allo stesso modo si offre la disponibilit\u00e0 al Comune, per il tramite dell\u2019Azienda Speciale Messina Social City, ad assolvere le funzioni di trasporto e a garantire il servizio richiesto\u201d. <\/p>\n\n\n\n<p>A conclusione dell\u2019evento il Presidente Cundari ha consegnato nel Salone delle Bandiere al Sindaco Basile, all\u2019Assessore Calafiore e a tutti gli imprenditori intervenuti la targa di ringraziamento per la partecipazione al progetto.<\/p>\n","protected":false},"excerpt":{"rendered":"<p>Presenti il Sindaco Federico Basile e l\u2019Assessore alle Politiche Sociali Alessandra Calafiore, \u00e8 stato consegnato oggi il secondo autoveicolo attrezzato per persone con ridotta\u00a0 mobilit\u00e0 motoria, nel corso di una cerimonia nello spazio antistante Palazzo Zanca, cui hanno partecipato il Presidente della cooperativa sociale C.A.S. Agatino Cundari e altri protagonisti dell\u2019iniziativa. Il mezzo \u00e8 un [&hellip;]<\/p>\n","protected":false},"author":15,"featured_media":137391,"comment_status":"open","ping_status":"open","sticky":false,"template":"","format":"standard","meta":{"ub_ctt_via":"","_mi_skip_tracking":false},"categories":[4],"tags":[6350,899,6349,2014,2395,2972,6348],"featured_image_src":"https:\/\/www.messinaoggi.it\/website\/wp-content\/uploads\/2023\/01\/Consegnato-mezzo-3.jpg","author_info":{"display_name":"red.me","author_link":"https:\/\/www.messinaoggi.it\/website\/author\/red-me\/"},"digistream_id":0,"digistream":false,"_links":{"self":[{"href":"https:\/\/www.messinaoggi.it\/website\/wp-json\/wp\/v2\/posts\/137387"}],"collection":[{"href":"https:\/\/www.messinaoggi.it\/website\/wp-json\/wp\/v2\/posts"}],"about":[{"href":"https:\/\/www.messinaoggi.it\/website\/wp-json\/wp\/v2\/types\/post"}],"author":[{"embeddable":true,"href":"https:\/\/www.messinaoggi.it\/website\/wp-json\/wp\/v2\/users\/15"}],"replies":[{"embeddable":true,"href":"https:\/\/www.messinaoggi.it\/website\/wp-json\/wp\/v2\/comments?post=137387"}],"version-history":[{"count":1,"href":"https:\/\/www.messinaoggi.it\/website\/wp-json\/wp\/v2\/posts\/137387\/revisions"}],"predecessor-version":[{"id":137394,"href":"https:\/\/www.messinaoggi.it\/website\/wp-json\/wp\/v2\/posts\/137387\/revisions\/137394"}],"wp:featuredmedia":[{"embeddable":true,"href":"https:\/\/www.messinaoggi.it\/website\/wp-json\/wp\/v2\/media\/137391"}],"wp:attachment":[{"href":"https:\/\/www.messinaoggi.it\/website\/wp-json\/wp\/v2\/media?parent=137387"}],"wp:term":[{"taxonomy":"category","embeddable":true,"href":"https:\/\/www.messinaoggi.it\/website\/wp-json\/wp\/v2\/categories?post=137387"},{"taxonomy":"post_tag","embeddable":true,"href":"https:\/\/www.messinaoggi.it\/website\/wp-json\/wp\/v2\/tags?post=137387"}],"curies":[{"name":"wp","href":"https:\/\/api.w.org\/{rel}","templated":true}]}}