{"id":137385,"date":"2023-01-12T12:59:23","date_gmt":"2023-01-12T11:59:23","guid":{"rendered":"http:\/\/www.messinaoggi.it\/website\/?p=137385"},"modified":"2023-01-12T12:59:24","modified_gmt":"2023-01-12T11:59:24","slug":"messina-social-city-gioveni-chiede-commissione","status":"publish","type":"post","link":"https:\/\/www.messinaoggi.it\/website\/2023\/01\/12\/messina-social-city-gioveni-chiede-commissione\/","title":{"rendered":"Messina Social City, Gioveni chiede Commissione"},"content":{"rendered":"\n<p>\u201cOccorre immediatamente convocare in Commissione servizi sociali il CdA della Messina social city per analizzare le ultime vicende di carattere straordinario che hanno investito l\u2019azienda e che non possono di certo passare inosservate al Consiglio Comunale!&#8221;<div id=\"div-gpt-ad-Messinaoggi.it-DSK-300x250-corpoart\" style=\"text-align:center;margin:0 auto;\"><\/div><\/p>\n\n\n\n<p>Con queste parole il sottoscritto, Consigliere comunale <strong>Libero Gioveni,<\/strong> capogruppo di Fratelli d\u2019Italia, commenta, anche un po\u2019 preoccupato, il susseguirsi di eventi che stanno coinvolgendo l\u2019azienda speciale e chiede un confronto urgente in Aula.\u00a0<div id=\"videoincontent\" style=\"clear:both\";><\/div><\/p>\n\n\n\n<p>&#8220;Al netto dei nuovi percorsi giuridici che ho avuto modo gi\u00e0 di evidenziare e che occorrerebbe avviare relativamente, per esempio, alla ricontrattualizzazione del personale \u2013 afferma Gioveni \u2013 ci\u00f2 che in questo momento salta pi\u00f9 all\u2019occhio sono le terze dimissioni consecutive di tre direttori generali diversi nel giro di soli due anni!\u00a0Credo che chiunque sulle ennesime inaspettate dimissioni di un altro direttore generale (avvenute dopo quelle di Vincenzo Romano e Natale Trischitta), al netto delle motivazioni personali addotte in questo ultimo caso dal dott. Sferro, si porrebbe qualche domanda sul perch\u00e9 i direttori generali (peraltro lautamente retribuiti), solo dopo poco tempo, scappano dall\u2019azienda!!!\u00a0Cos\u00ec come fa certamente pensare \u2013 prosegue il consigliere \u2013 che il giorno dopo le dimissioni di Carmelo Sferro, si annuncino immediatamente le riaperture dei termini per le istanze della long list rivolte a chi si era sentito penalizzato nel bando!\u00a0E\u2019 ovvio che anche questo aspetto \u2013 evidenzia l\u2019esponente di FdI \u2013 deve essere meglio approfondito, perch\u00e9 di converso potrebbero risultare penalizzati a breve, con la riformulazione delle graduatorie, anche chi ha gi\u00e0 firmato un contratto e sta tuttora lavorando, per cui occorrer\u00e0 in caso trovare una via di mezzo che non scontenti nessuno!\u00a0Infine \u2013 conclude Gioveni \u2013 altra questione da approfondire e che peraltro anch\u2019essa si \u00e8 verificata contestualmente alle dimissioni del direttore generale, \u00e8 quella relativa al trasferimento al Collereale degli ospiti anziani di Casa Serena dopo gli accertamenti dei NAS nella struttura.\u00a0Insomma, tanta carne al fuoco su cui abbiamo l\u2019onere di focalizzare la nostra attenzione a 360 gradi nell\u2019interesse soprattutto dell\u2019utenza destinataria dei servizi, oltre che del Comune che sborsa soldini con l\u2019approvazione dei Bilanci&#8221;.<\/p>\n","protected":false},"excerpt":{"rendered":"<p>\u201cOccorre immediatamente convocare in Commissione servizi sociali il CdA della Messina social city per analizzare le ultime vicende di carattere straordinario che hanno investito l\u2019azienda e che non possono di certo passare inosservate al Consiglio Comunale!&#8221; Con queste parole il sottoscritto, Consigliere comunale Libero Gioveni, capogruppo di Fratelli d\u2019Italia, commenta, anche un po\u2019 preoccupato, il [&hellip;]<\/p>\n","protected":false},"author":15,"featured_media":43341,"comment_status":"open","ping_status":"open","sticky":false,"template":"","format":"standard","meta":{"ub_ctt_via":"","_mi_skip_tracking":false},"categories":[1],"tags":[2196,6347,5689,611,1181,6322,740,1185],"featured_image_src":"https:\/\/www.messinaoggi.it\/website\/wp-content\/uploads\/2020\/05\/libero-gioveni-in-aula-messinaoggi.jpg","author_info":{"display_name":"red.me","author_link":"https:\/\/www.messinaoggi.it\/website\/author\/red-me\/"},"digistream_id":0,"digistream":false,"_links":{"self":[{"href":"https:\/\/www.messinaoggi.it\/website\/wp-json\/wp\/v2\/posts\/137385"}],"collection":[{"href":"https:\/\/www.messinaoggi.it\/website\/wp-json\/wp\/v2\/posts"}],"about":[{"href":"https:\/\/www.messinaoggi.it\/website\/wp-json\/wp\/v2\/types\/post"}],"author":[{"embeddable":true,"href":"https:\/\/www.messinaoggi.it\/website\/wp-json\/wp\/v2\/users\/15"}],"replies":[{"embeddable":true,"href":"https:\/\/www.messinaoggi.it\/website\/wp-json\/wp\/v2\/comments?post=137385"}],"version-history":[{"count":1,"href":"https:\/\/www.messinaoggi.it\/website\/wp-json\/wp\/v2\/posts\/137385\/revisions"}],"predecessor-version":[{"id":137386,"href":"https:\/\/www.messinaoggi.it\/website\/wp-json\/wp\/v2\/posts\/137385\/revisions\/137386"}],"wp:featuredmedia":[{"embeddable":true,"href":"https:\/\/www.messinaoggi.it\/website\/wp-json\/wp\/v2\/media\/43341"}],"wp:attachment":[{"href":"https:\/\/www.messinaoggi.it\/website\/wp-json\/wp\/v2\/media?parent=137385"}],"wp:term":[{"taxonomy":"category","embeddable":true,"href":"https:\/\/www.messinaoggi.it\/website\/wp-json\/wp\/v2\/categories?post=137385"},{"taxonomy":"post_tag","embeddable":true,"href":"https:\/\/www.messinaoggi.it\/website\/wp-json\/wp\/v2\/tags?post=137385"}],"curies":[{"name":"wp","href":"https:\/\/api.w.org\/{rel}","templated":true}]}}