{"id":137343,"date":"2023-01-12T08:58:33","date_gmt":"2023-01-12T07:58:33","guid":{"rendered":"http:\/\/www.messinaoggi.it\/website\/?p=137343"},"modified":"2023-01-12T08:59:30","modified_gmt":"2023-01-12T07:59:30","slug":"il-consiglio-comunale-approva-la-costituzione-di-messina-per-la-cultura","status":"publish","type":"post","link":"https:\/\/www.messinaoggi.it\/website\/2023\/01\/12\/il-consiglio-comunale-approva-la-costituzione-di-messina-per-la-cultura\/","title":{"rendered":"Il Consiglio comunale approva la costituzione di Messina per la Cultura"},"content":{"rendered":"\n<p>Quattordici i consiglieri comunali favorevoli e quattro i contrari. \u00c8 questo l\u2019esito della votazione nel corso dell&#8217;ultima seduta di Consiglio comunale che ha sancito l\u2019approvazione della costituzione della Fondazione denominata \u201cMessina per la Cultura\u201d.<div id=\"div-gpt-ad-Messinaoggi.it-DSK-300x250-corpoart\" style=\"text-align:center;margin:0 auto;\"><\/div><\/p>\n\n\n\n<p>Il nuovo organismo guidato da Comune e Citt\u00e0 metropolitana di Messina, che non ha scopo di lucro, persegue finalit\u00e0 di promozione culturale, attraverso la realizzazione e la partecipazione ad iniziative ed eventi culturali, artistici e sociali di rilevanza locale, nazionale ed internazionale.<div id=\"videoincontent\" style=\"clear:both\";><\/div><\/p>\n\n\n\n<p>Nell\u2019esprimere soddisfazione per l\u2019approvazione da parte del Civico consesso, in merito alla delibera di Giunta comunale avente ad oggetto la costituzione della Fondazione, il sindaco Federico Basile e l\u2019assessore proponente con delega alla Fondazione Massimo Finocchiaro hanno dichiarato: \u201c<em>Arte, spettacolo e cultura e pi\u00f9 in generale la promozione e la conoscenza del nostro ricco patrimonio culturale \u00e8 uno tra gli obiettivi<\/em> <em>prefissati nel programma elettorale. Promuovere la crescita culturale del nostro territorio significa parallelamente avviare percorsi atti a favorire lo sviluppo sociale ed economico del comprensorio cittadino e metropolitano e pi\u00f9 in generale siciliano, al fine di accrescere il senso di identit\u00e0 e di appartenenza della collettivit\u00e0 ed in particolare i giovani attraverso la collaborazione sinergica tra Comune, Citt\u00e0 metropolitana, soggetti pubblici e privati\u201d<\/em>. <\/p>\n\n\n\n<p>Il sindaco Basile ha aggiunto\u00a0<em>\u201csiamo particolarmente soddisfatti in quanto l\u2019odierna approvazione rappresenta quella continuit\u00e0 amministrativa che nell\u2019ambito della cultura era stata fortemente sostenuta dal mio predecessore Cateno De Luca. Oggi il risultato \u00e8 stato raggiunto<\/em>\u00a0<em>e auspichiamo attraverso la Fondazione che le iniziative di promozione culturale, turistico e di marketing territoriale possano contribuire allo sviluppo del brand Messina, affinch\u00e9 la nostra Citt\u00e0 non sia soltanto una Citt\u00e0 di passaggio ma da vivere e apprezzare\u201d.<\/em><\/p>\n","protected":false},"excerpt":{"rendered":"<p>Quattordici i consiglieri comunali favorevoli e quattro i contrari. \u00c8 questo l\u2019esito della votazione nel corso dell&#8217;ultima seduta di Consiglio comunale che ha sancito l\u2019approvazione della costituzione della Fondazione denominata \u201cMessina per la Cultura\u201d. Il nuovo organismo guidato da Comune e Citt\u00e0 metropolitana di Messina, che non ha scopo di lucro, persegue finalit\u00e0 di promozione [&hellip;]<\/p>\n","protected":false},"author":8,"featured_media":133686,"comment_status":"open","ping_status":"open","sticky":false,"template":"","format":"standard","meta":{"ub_ctt_via":"","_mi_skip_tracking":false},"categories":[5],"tags":[46,6338,5160],"featured_image_src":"https:\/\/www.messinaoggi.it\/website\/wp-content\/uploads\/2022\/12\/consiglio.jpg","author_info":{"display_name":"red..me","author_link":"https:\/\/www.messinaoggi.it\/website\/author\/redstage\/"},"digistream_id":0,"digistream":false,"_links":{"self":[{"href":"https:\/\/www.messinaoggi.it\/website\/wp-json\/wp\/v2\/posts\/137343"}],"collection":[{"href":"https:\/\/www.messinaoggi.it\/website\/wp-json\/wp\/v2\/posts"}],"about":[{"href":"https:\/\/www.messinaoggi.it\/website\/wp-json\/wp\/v2\/types\/post"}],"author":[{"embeddable":true,"href":"https:\/\/www.messinaoggi.it\/website\/wp-json\/wp\/v2\/users\/8"}],"replies":[{"embeddable":true,"href":"https:\/\/www.messinaoggi.it\/website\/wp-json\/wp\/v2\/comments?post=137343"}],"version-history":[{"count":2,"href":"https:\/\/www.messinaoggi.it\/website\/wp-json\/wp\/v2\/posts\/137343\/revisions"}],"predecessor-version":[{"id":137345,"href":"https:\/\/www.messinaoggi.it\/website\/wp-json\/wp\/v2\/posts\/137343\/revisions\/137345"}],"wp:featuredmedia":[{"embeddable":true,"href":"https:\/\/www.messinaoggi.it\/website\/wp-json\/wp\/v2\/media\/133686"}],"wp:attachment":[{"href":"https:\/\/www.messinaoggi.it\/website\/wp-json\/wp\/v2\/media?parent=137343"}],"wp:term":[{"taxonomy":"category","embeddable":true,"href":"https:\/\/www.messinaoggi.it\/website\/wp-json\/wp\/v2\/categories?post=137343"},{"taxonomy":"post_tag","embeddable":true,"href":"https:\/\/www.messinaoggi.it\/website\/wp-json\/wp\/v2\/tags?post=137343"}],"curies":[{"name":"wp","href":"https:\/\/api.w.org\/{rel}","templated":true}]}}