{"id":13730,"date":"2017-12-30T10:11:10","date_gmt":"2017-12-30T09:11:10","guid":{"rendered":"http:\/\/www.messinaoggi.it\/website\/?p=13730"},"modified":"2017-12-30T10:11:10","modified_gmt":"2017-12-30T09:11:10","slug":"messinesi-non-siate-diabolici","status":"publish","type":"post","link":"https:\/\/www.messinaoggi.it\/website\/2017\/12\/30\/messinesi-non-siate-diabolici\/","title":{"rendered":"Messinesi, non siate diabolici"},"content":{"rendered":"<p style=\"text-align: justify\">La notizia era nell\u2019aria, ma ieri ha assunto il crisma dell\u2019ufficialit\u00e0. Renato Accorinti ci riprova, tra sei mesi correr\u00e0 per la poltrona di primo cittadino, esattamente come cinque anni fa, quando si present\u00f2 scalzo a Palazzo Zanca dopo un successo storico.<div id=\"div-gpt-ad-Messinaoggi.it-DSK-300x250-corpoart\" style=\"text-align:center;margin:0 auto;\"><\/div><\/p>\n<p style=\"text-align: justify\">Da quel giugno 2013 di acqua sotto i ponti ne \u00e8 passata tanta, la citt\u00e0 ha avuto modo di analizzare un fenomeno politico nuovo per queste latitudini e per esprimere un giudizio completo toccher\u00e0 far passare questi sei mesi. Ma molti punti vanno per\u00f2 sottolineati. Innanzitutto non si pu\u00f2 non dire che la ricandidatura di Accorinti sia un atto dovuto, non ritentarci avrebbe saputo di resa, da parte di chi invece da anni dice di aver fatto dei miracoli.<div id=\"videoincontent\" style=\"clear:both\";><\/div><\/p>\n<p style=\"text-align: justify\">Il primo cittadino ieri ha parlato di una candidatura fuori dai partiti, usando il giochetto del movimento civico fuori dalle logiche comuni, ma questa tesi non regge. Accorinti nel 2014 si schier\u00f2 dichiaratamente con l\u2019Altra Europa di Tsipras, nell\u2019arco di questi anni ha flirtato con l\u2019ala sinistra del Pd, con Sinistra Italiana ((Maurizio Rella docet) e in Cambiamo Messina dal Basso in molti vedono di buon occhio l\u2019avventura di Liberi e Uguali guidato da Grasso e dalla Boldrini.<\/p>\n<p style=\"text-align: justify\">Addirittura in molti avrebbero scommesso sulla sua presenza in una delle liste per le Politiche del prossimo 4 marzo, ipotesi smentita ieri. Insomma nell\u2019arco di questi anni, Accorinti \u00e8 diventato una delle icone della sinistra arcobaleno e forcaiola, amante dello Ius Soli e dell\u2019accoglienza a pi\u00f9 non posso. Quindi la tesi di una candidatura civica, che ambisce solo a guardare dentro il territorio cittadino non sta in piedi.<\/p>\n<p style=\"text-align: justify\">Il buon Accorinti si sarebbe potuto far da parte e lasciare la luce dei riflettori a qualcun altro, ma questo non avrebbe fatto parte del personaggio di chi la luce dei riflettori l\u2019ha sempre cercata in modo sfrenato. E forse di questo se ne sono accorti anche i esponenti di Indietrononsitorna (buongiorno!), che fino a pochi mesi fa difendevano a spada tratta l\u2018azione politica dell\u2019amministrazione, salvo poi scendere dal carro. D\u2019altronde non si pu\u00f2 difendere l\u2019indifendibile in eterno. Ieri lo stesso Accorinti, a conferenza stampa finita, ha sussurrato ad uno dei presenti: \u201cSe solo quelli di Indietrononsitorna fossero stati qui ad ascoltare, avrebbero cambiato subito idea\u201d.<\/p>\n<p style=\"text-align: justify\">Qui c\u2019\u00e8 molta dell\u2019incongruenza accorintiana, del professarsi pronto ad ascoltare qualsiasi opinione, salvo poi far prevalere sempre la propria. Se buona parte degli accorintiani pi\u00f9 sfrenati hanno fatto un passo indietro, vuol dire che molte cose non sono andate bene, inoltre \u00e8 evidente che in vista della campagna elettorale si dovranno cercare nuovi Santi in Paradiso.<\/p>\n<p style=\"text-align: justify\">A questo punto non tocca che sperare nel buonsenso dei messinesi, perch\u00e9 errare \u00e8 umano e perseverare sarebbe davvero diabolico e Messina non pu\u00f2 permettersi altri 5 anni ferma al palo. Poi ci sar\u00e0 sempre chi si accontenter\u00e0 della semplice onest\u00e0, gli stessi messinesi che chiedono ad Accorinti di riprovarci, ma questa \u00e8 una colpa che deve espiare la politica ponendovi rimedio.<\/p>\n<p style=\"text-align: justify\">L\u2019onest\u00e0 dev\u2019essere il prerequisito dei prerequisiti non solo di chi amministra, ma non pu\u00f2 diventare una bandiera, una spilla da attaccare sulla propria giacca da mostrare al momento giusto. Ma qui si \u00e8 gi\u00e0 passati all\u2019honest\u00e0, con l\u2019h di hasta la victoria siempre.<\/p>\n","protected":false},"excerpt":{"rendered":"<p>La notizia era nell\u2019aria, ma ieri ha assunto il crisma dell\u2019ufficialit\u00e0. Renato Accorinti ci riprova, tra sei mesi correr\u00e0 per la poltrona di primo cittadino, esattamente come cinque anni fa, quando si present\u00f2 scalzo a Palazzo Zanca dopo un successo storico. Da quel giugno 2013 di acqua sotto i ponti ne \u00e8 passata tanta, la [&hellip;]<\/p>\n","protected":false},"author":1,"featured_media":2153,"comment_status":"closed","ping_status":"open","sticky":false,"template":"","format":"standard","meta":{"ub_ctt_via":"","_mi_skip_tracking":false},"categories":[6],"tags":[],"featured_image_src":"https:\/\/www.messinaoggi.it\/website\/wp-content\/uploads\/2017\/06\/Accorinti-sfiducia-2.jpg","author_info":{"display_name":"admin@admin.com","author_link":"https:\/\/www.messinaoggi.it\/website\/author\/adminadmin-com\/"},"digistream_id":0,"digistream":false,"_links":{"self":[{"href":"https:\/\/www.messinaoggi.it\/website\/wp-json\/wp\/v2\/posts\/13730"}],"collection":[{"href":"https:\/\/www.messinaoggi.it\/website\/wp-json\/wp\/v2\/posts"}],"about":[{"href":"https:\/\/www.messinaoggi.it\/website\/wp-json\/wp\/v2\/types\/post"}],"author":[{"embeddable":true,"href":"https:\/\/www.messinaoggi.it\/website\/wp-json\/wp\/v2\/users\/1"}],"replies":[{"embeddable":true,"href":"https:\/\/www.messinaoggi.it\/website\/wp-json\/wp\/v2\/comments?post=13730"}],"version-history":[{"count":0,"href":"https:\/\/www.messinaoggi.it\/website\/wp-json\/wp\/v2\/posts\/13730\/revisions"}],"wp:featuredmedia":[{"embeddable":true,"href":"https:\/\/www.messinaoggi.it\/website\/wp-json\/wp\/v2\/media\/2153"}],"wp:attachment":[{"href":"https:\/\/www.messinaoggi.it\/website\/wp-json\/wp\/v2\/media?parent=13730"}],"wp:term":[{"taxonomy":"category","embeddable":true,"href":"https:\/\/www.messinaoggi.it\/website\/wp-json\/wp\/v2\/categories?post=13730"},{"taxonomy":"post_tag","embeddable":true,"href":"https:\/\/www.messinaoggi.it\/website\/wp-json\/wp\/v2\/tags?post=13730"}],"curies":[{"name":"wp","href":"https:\/\/api.w.org\/{rel}","templated":true}]}}