{"id":137291,"date":"2023-01-11T18:02:50","date_gmt":"2023-01-11T17:02:50","guid":{"rendered":"https:\/\/www.messinaoggi.it\/website\/2023\/01\/11\/spoils-system-alla-regione-siciliana-nominati-i-vertici-di-5-societa-partecipate\/"},"modified":"2023-01-11T18:02:50","modified_gmt":"2023-01-11T17:02:50","slug":"spoils-system-alla-regione-siciliana-nominati-i-vertici-di-5-societa-partecipate","status":"publish","type":"post","link":"https:\/\/www.messinaoggi.it\/website\/2023\/01\/11\/spoils-system-alla-regione-siciliana-nominati-i-vertici-di-5-societa-partecipate\/","title":{"rendered":"Spoils system alla Regione siciliana, nominati i vertici di 5 societ\u00e0 partecipate"},"content":{"rendered":"<div>\n<p>PALERMO (ITALPRESS) \u2013 \u201cNominati i vertici di cinque societ\u00e0 partecipate della Regione Siciliana, in ossequio allo spoils system attuato dal governo Schifani. Per altre due societ\u00e0 le procedure si concluderanno tra qualche giorno. Le assemblee dei soci, cos\u00ec come disposto dal presidente della Regione, hanno infatti provveduto a rinnovare i Consigli di amministrazione\u201d. E\u2019 quanto si legge in una nota della Regione siciliana.<br \/>\u201cAlla Sas presidente \u00e8 Mauro Pant\u00f2, componenti Rosalia Cardinale (confermata) e Alfredo Vinciguerra. All\u2019Irfis, neo presidente \u00e8 Tommaso Dragotto, mentre i componenti sono Giuseppe Guglielmino e Vincenza Barberi. Per Sicilia Digitale, il nuovo amministratore unico \u00e8 Riccardo Di Stefano. Alla Seus presidente \u00e8 Gabriele Castro, Maria Stella Marino e Pietro Marchetta (confermato) i componenti. Conferma in toto, invece, per l\u2019Ast: Salvatore Castiglione presidente, Tania Pontrelli ed Eusebio d\u2019Al\u00ec componenti\u201d, prosegue la nota, sottolineando che \u201csi completeranno luned\u00ec prossimo, invece, le procedure per Airgest e Interporti\u201d.<br \/>foto ufficio stampa Regione siciliana<br \/>(ITALPRESS).<div id=\"div-gpt-ad-Messinaoggi.it-DSK-300x250-corpoart\" style=\"text-align:center;margin:0 auto;\"><\/div><\/p>\n<\/div>\n<div id=\"videoincontent\" style=\"clear:both\";><\/div>","protected":false},"excerpt":{"rendered":"<p>PALERMO (ITALPRESS) \u2013 \u201cNominati i vertici di cinque societ\u00e0 partecipate della Regione Siciliana, in ossequio allo spoils system attuato dal governo Schifani. Per altre due societ\u00e0 le procedure si concluderanno tra qualche giorno. Le assemblee dei soci, cos\u00ec come disposto dal presidente della Regione, hanno infatti provveduto a rinnovare i Consigli di amministrazione\u201d. E\u2019 quanto [&hellip;]<\/p>\n","protected":false},"author":18,"featured_media":137292,"comment_status":"closed","ping_status":"closed","sticky":false,"template":"","format":"standard","meta":{"ub_ctt_via":"","_mi_skip_tracking":false},"categories":[2449],"tags":[783],"featured_image_src":"https:\/\/www.messinaoggi.it\/website\/wp-content\/uploads\/2023\/01\/20230111_1695.jpg","author_info":{"display_name":"Admin","author_link":"https:\/\/www.messinaoggi.it\/website\/author\/admin\/"},"digistream_id":0,"digistream":false,"_links":{"self":[{"href":"https:\/\/www.messinaoggi.it\/website\/wp-json\/wp\/v2\/posts\/137291"}],"collection":[{"href":"https:\/\/www.messinaoggi.it\/website\/wp-json\/wp\/v2\/posts"}],"about":[{"href":"https:\/\/www.messinaoggi.it\/website\/wp-json\/wp\/v2\/types\/post"}],"author":[{"embeddable":true,"href":"https:\/\/www.messinaoggi.it\/website\/wp-json\/wp\/v2\/users\/18"}],"replies":[{"embeddable":true,"href":"https:\/\/www.messinaoggi.it\/website\/wp-json\/wp\/v2\/comments?post=137291"}],"version-history":[{"count":0,"href":"https:\/\/www.messinaoggi.it\/website\/wp-json\/wp\/v2\/posts\/137291\/revisions"}],"wp:featuredmedia":[{"embeddable":true,"href":"https:\/\/www.messinaoggi.it\/website\/wp-json\/wp\/v2\/media\/137292"}],"wp:attachment":[{"href":"https:\/\/www.messinaoggi.it\/website\/wp-json\/wp\/v2\/media?parent=137291"}],"wp:term":[{"taxonomy":"category","embeddable":true,"href":"https:\/\/www.messinaoggi.it\/website\/wp-json\/wp\/v2\/categories?post=137291"},{"taxonomy":"post_tag","embeddable":true,"href":"https:\/\/www.messinaoggi.it\/website\/wp-json\/wp\/v2\/tags?post=137291"}],"curies":[{"name":"wp","href":"https:\/\/api.w.org\/{rel}","templated":true}]}}