{"id":13728,"date":"2017-12-30T09:00:25","date_gmt":"2017-12-30T08:00:25","guid":{"rendered":"http:\/\/www.messinaoggi.it\/website\/?p=13728"},"modified":"2017-12-30T09:00:25","modified_gmt":"2017-12-30T08:00:25","slug":"presentato-i-nemici-del-cavaliere-il-libro-di-davide-gambale","status":"publish","type":"post","link":"https:\/\/www.messinaoggi.it\/website\/2017\/12\/30\/presentato-i-nemici-del-cavaliere-il-libro-di-davide-gambale\/","title":{"rendered":"Presentato &quot;I nemici del Cavaliere&quot;, il libro di Davide Gambale"},"content":{"rendered":"<p lang=\"it-IT\"><span style=\"font-family: Arial, sans-serif\">Tanto \u00e8 stato scritto su di lui. Pile di saggi nelle librerie e caterve di faldoni nei tribunali lo hanno interessato. Ma nonostante tutto l&#8217;interesse nei suoi confronti non \u00e8 mai scemato nel corso di questi 23 anni. Indipendentemente dall&#8217;andamento altalenante della sua parabola politica, Berlusconi ha suscitato sempre l&#8217;attenzione di molti, specie quando si \u00e8 trattato di attaccarlo. Un vero e proprio fenomeno politico-culturale quello dell&#8217;antiberlusconismo, che ha messo in moto a pi\u00f9 riprese una rete politico-mediatico-giudiziaria e che \u00e8 stato trattato con un approccio quasi scientifico ne &#8220;I nemici del Cavaliere&#8221;,\u00a0il libro di Davide Gambale, direttore editoriale di Messinaoggi.it che ha ripercorso le principali tappe storiche dell&#8217;antiberlusconismo.<\/span><div id=\"div-gpt-ad-Messinaoggi.it-DSK-300x250-corpoart\" style=\"text-align:center;margin:0 auto;\"><\/div><\/p>\n<p lang=\"it-IT\"><span style=\"font-family: Arial, sans-serif\">Il volume \u00e8 stato presentato ieri, presso il Salone degli specchi dell&#8217;ex Provincia regionale di Messina. Oltre Gambale, hanno preso parte all&#8217;incontro, che \u00e8 stato moderato da Rosaria Brancato, direttore responsabile di Tempostretto.it, il professor Dario Caroniti, il quale ha curato la presentazione del libro, e Armando Siciliano, fondatore dell&#8217;omonima casa editrice che si \u00e8 occupata della pubblicazione del volume.<\/span><div id=\"videoincontent\" style=\"clear:both\";><\/div><\/p>\n<p lang=\"it-IT\"><img loading=\"lazy\" class=\"alignnone size-medium wp-image-13724\" src=\"http:\/\/www.messinaoggi.it\/website\/wp-content\/uploads\/2017\/12\/pres-libro-gambale-RRP_8993-300x200.jpg\" alt=\"\" width=\"300\" height=\"200\" \/><\/p>\n<p lang=\"it-IT\"><span style=\"font-family: Arial, sans-serif\">Brancato \u00e8 stata la prima a prendere la parola, dando cos\u00ec avvio ai lavori: &#8220;Ringrazio Davide per avermi voluto qui questo pomeriggio \u2013 ha affermato \u2013 pur conoscendo le mie posizioni antiberlusconiane. In fondo qualsiasi persona con onest\u00e0 intellettuale e con un minimo di obiettivit\u00e0 dovrebbe porsi qualche interrogativo in riferimento alla problematica sollevata ed affrontata in questo libro\u201d.<\/span><\/p>\n<p lang=\"it-IT\"><img loading=\"lazy\" class=\"alignnone size-medium wp-image-13714\" src=\"http:\/\/www.messinaoggi.it\/website\/wp-content\/uploads\/2017\/12\/brancato-RRP_9010-300x200.jpg\" alt=\"\" width=\"300\" height=\"200\" \/><\/p>\n<p lang=\"it-IT\"><span style=\"font-family: Arial, sans-serif\">Dopodich\u00e9 \u00e8 stato il turno di Caroniti, il quale ha affermato: &#8220;Va messo in evidenza che non si tratta di un testo pro-Berlusconi, in quanto il fenomeno analizzato all&#8217;interno del volume viene trattato con un approccio quasi scientifico, possiamo dire non lontano da quello adottato da uno storico.\u00a0<\/span><span style=\"font-family: Arial, sans-serif\">Diversamente da quello che si potrebbe pensare, l&#8217;antiberlusconismo qui analizzato non trova origine in un qualche esponente della sinistra. Infatti, a dare avvio a questa corrente di pensiero \u00e8 stato Indro Montanelli (fondatore ed ex direttore de il Giornale, le cui quote iniziarono a essere rilevate da Berlusconi a partire dal 1977, ndr), il quale \u00e8 stato il primo ad attaccare Berlusconi dopo aver deciso di abbandonare nel 1994 il quotidiano da lui fondato<span style=\"color: #000000\"><span style=\"font-size: medium\">.<\/span><\/span><\/span><\/p>\n<p lang=\"it-IT\"><span style=\"font-family: Arial, sans-serif\">All&#8217;interno del volume vengono mostrate diverse infondatezze relative alla figura di Berlusconi. Da quella di Roberto Saviano, il quale afferm\u00f2 che Berlusconi sarebbe stato letteralmente un pericolo per la democrazia, mentre possiamo tranquillamente constatare che a distanza di oltre vent&#8217;anni la democrazia \u00e8 rimasta in piedi; a quella di Noberto Bobbio, il quale sosteneva che mettere il proprio nome nel simbolo del partito era un chiaro segno di autoritarismo.\u00a0<\/span><span style=\"font-family: Arial, sans-serif\">Se cos\u00ec fosse dovremmo concludere che anche Pietro Grasso sia l&#8217;esponente di una forza politica autoritaria, dato che la coalizione Liberi e Uguali avr\u00e0 nel proprio simbolo proprio il nome dell&#8217;attuale Presidente del Senato. Evidentemente Bobbio si sbagliava, al riguardo pi\u00f9 che di personalizzazione dovremmo parlare della responsabilizzazione di chi deve andare a governare.<\/span><\/p>\n<p lang=\"it-IT\"><span style=\"font-family: Arial, sans-serif\"><span style=\"color: #000000\"><span style=\"font-size: medium\">Inoltre, l&#8217;antiberlusconismo ha dato vita a una letteratura immensa che nel corso degli anni ha fatto la ricchezza di diversi autori, ma non solo. A trarne vantaggio sono stati anche diversi attori politici, quali la sinistra italiana, che ha spesso trovato in tale fenomeno un collante, e il Movimento 5 Stelle di Beppe Grillo, che all&#8217;antiberlusconismo ha aggiunto l&#8217;antirenzismo per cercare un maggiore consenso\u201d.<\/span><\/span><\/span><\/p>\n<p lang=\"it-IT\"><span style=\"font-family: Arial, sans-serif\"><span style=\"font-size: medium\">Dopo Caroniti ha preso la parola l&#8217;editore Siciliano: <span style=\"color: #000000\">&#8220;Non provo particolari simpatie per Berlusconi, \u2013 ha affermato \u2013 ma come editore ho sempre pensato che la parola vada data a tutti, purch\u00e9 si scriva in modo preciso e ben documentato, proprio come avviene nel caso del libro di Davide Gambale. Da qui la decisione di pubblicare questo volume, indipendentemente dalle posizioni politiche&#8221;.<\/span><\/span><\/span><\/p>\n<p lang=\"it-IT\"><span style=\"font-family: Arial, sans-serif\"><span style=\"font-size: medium\"><span style=\"color: #000000\">Infine, \u00e8 stato il turno di Davide Gambale, il quale si \u00e8 soffermato su un aspetto affrontato nel volume che ancora non era stato particolarmente approfondito, ovvero quello relativo alla magistratura politicizzata: \u201cPremetto che oggi si tende a generalizzare quando si parla del partito dei magistrati, e non \u00e8 quello che voglio fare perch\u00e9 in realt\u00e0 ci sono magistrati che svolgono onestamente il loro lavoro. Tuttavia, non possiamo accettare che l&#8217;esito elettorale possa essere condizionato da fughe di notizie dalle procure.<\/span><\/span><\/span><\/p>\n<p lang=\"it-IT\"><span style=\"font-family: Arial, sans-serif\"><span style=\"font-size: medium\"><span style=\"color: #000000\">In tal senso, la democrazia \u00e8 in forte pericolo, senza considerare il fatto che spesso il sistema mediale fa da cassa di risonanza a tutto questo, distruggendo politicamente e umanamente un uomo, senza che questo sia stato ancora giudicato in via definitiva. Facendo un parallelo con le Brigate Rosse, considero questi giornalisti appartenenti alle Brigate Bianche, poich\u00e9 \u201cuccidono\u201d con la penna. Tornando all&#8217;aspetto del condizionamento degli esiti elettorali, se ad esempio il caso De Luca fosse esploso prima delle elezioni probabilmente avremmo avuto oggi un governo diverso\u201d.\u00a0<\/span><\/span><\/span><\/p>\n<p lang=\"it-IT\"><img loading=\"lazy\" class=\"alignnone size-medium wp-image-13720\" src=\"http:\/\/www.messinaoggi.it\/website\/wp-content\/uploads\/2017\/12\/gambale-RRP_9061-300x200.jpg\" alt=\"\" width=\"300\" height=\"200\" \/><\/p>\n<p lang=\"it-IT\"><span style=\"font-family: Arial, sans-serif\"><span style=\"font-size: medium\"><span style=\"color: #000000\">Dopo la presentazione si \u00e8 tenuto un piccolo rinfresco, con il quale Gambale ha voluto ringraziare i presenti e brindare all&#8217;anno nuovo.<\/span><\/span><\/span><\/p>\n<p lang=\"it-IT\">\n","protected":false},"excerpt":{"rendered":"<p>Tanto \u00e8 stato scritto su di lui. Pile di saggi nelle librerie e caterve di faldoni nei tribunali lo hanno interessato. Ma nonostante tutto l&#8217;interesse nei suoi confronti non \u00e8 mai scemato nel corso di questi 23 anni. Indipendentemente dall&#8217;andamento altalenante della sua parabola politica, Berlusconi ha suscitato sempre l&#8217;attenzione di molti, specie quando si [&hellip;]<\/p>\n","protected":false},"author":10,"featured_media":13722,"comment_status":"closed","ping_status":"open","sticky":false,"template":"","format":"standard","meta":{"ub_ctt_via":"","_mi_skip_tracking":false},"categories":[6],"tags":[],"featured_image_src":"https:\/\/www.messinaoggi.it\/website\/wp-content\/uploads\/2017\/12\/libro-gambale-RRP_8990.jpg","author_info":{"display_name":"Paolo Mustica","author_link":"https:\/\/www.messinaoggi.it\/website\/author\/p-mustica\/"},"digistream_id":0,"digistream":false,"_links":{"self":[{"href":"https:\/\/www.messinaoggi.it\/website\/wp-json\/wp\/v2\/posts\/13728"}],"collection":[{"href":"https:\/\/www.messinaoggi.it\/website\/wp-json\/wp\/v2\/posts"}],"about":[{"href":"https:\/\/www.messinaoggi.it\/website\/wp-json\/wp\/v2\/types\/post"}],"author":[{"embeddable":true,"href":"https:\/\/www.messinaoggi.it\/website\/wp-json\/wp\/v2\/users\/10"}],"replies":[{"embeddable":true,"href":"https:\/\/www.messinaoggi.it\/website\/wp-json\/wp\/v2\/comments?post=13728"}],"version-history":[{"count":0,"href":"https:\/\/www.messinaoggi.it\/website\/wp-json\/wp\/v2\/posts\/13728\/revisions"}],"wp:featuredmedia":[{"embeddable":true,"href":"https:\/\/www.messinaoggi.it\/website\/wp-json\/wp\/v2\/media\/13722"}],"wp:attachment":[{"href":"https:\/\/www.messinaoggi.it\/website\/wp-json\/wp\/v2\/media?parent=13728"}],"wp:term":[{"taxonomy":"category","embeddable":true,"href":"https:\/\/www.messinaoggi.it\/website\/wp-json\/wp\/v2\/categories?post=13728"},{"taxonomy":"post_tag","embeddable":true,"href":"https:\/\/www.messinaoggi.it\/website\/wp-json\/wp\/v2\/tags?post=13728"}],"curies":[{"name":"wp","href":"https:\/\/api.w.org\/{rel}","templated":true}]}}