{"id":137226,"date":"2023-01-11T14:00:24","date_gmt":"2023-01-11T13:00:24","guid":{"rendered":"http:\/\/www.messinaoggi.it\/website\/?p=137226"},"modified":"2023-01-11T14:00:25","modified_gmt":"2023-01-11T13:00:25","slug":"lasp-vuole-ampliare-la-convenzione-con-la-fondazione-giglio-cosi-si-rischia-il-danno-erariale","status":"publish","type":"post","link":"https:\/\/www.messinaoggi.it\/website\/2023\/01\/11\/lasp-vuole-ampliare-la-convenzione-con-la-fondazione-giglio-cosi-si-rischia-il-danno-erariale\/","title":{"rendered":"L&#8217;Asp vuole ampliare la convenzione con la fondazione Giglio: &#8220;Cos\u00ec si rischia il danno erariale&#8221;"},"content":{"rendered":"\n<p>L\u2019ASP di Messina \u00e8 intenzionata ad ampliare il raggio di azione della convenzione stipulata con la Fondazione \u201cGiglio\u201d di Cefal\u00f9, gi\u00e0 in vigore per l\u2019ospedale di Mistretta limitatamente alle prestazioni di urologia, ad altre branche specialistiche tanto presso lo stesso \u201cSantissimo Salvatore\u201d quanto anche per l\u2019ospedale di Sant\u2019Agata di Militello.<div id=\"div-gpt-ad-Messinaoggi.it-DSK-300x250-corpoart\" style=\"text-align:center;margin:0 auto;\"><\/div><\/p>\n\n\n\n<p>In un&#8217;interrogazione, a prima firma dell\u2019onorevole Alessandro De Leo, rivolta al Presidente della regione e all\u2019Assessore alla salute si chiedono chiarimenti a riguardo. Ad oggi sembrerebbe che dall\u2019analisi dei costi\/benefici si produrr\u00e0 un saldo negativo per l\u2019ASP di Messina, in considerazione dei costi posti a carico della stessa, che comprenderebbero la pulizia, manutenzione e assicurazione dell\u2019idoneit\u00e0 dei locali e degli impianti che saranno utilizzati dalla Fondazione, compresi gli oneri per la sicurezza, i farmaci, i presidi e il materiale sanitario, le spese di sanificazione, a fronte di entrate da DRG quasi esclusivamente a beneficio della Fondazione, con il rischio molto concreto di un danno erariale.<div id=\"videoincontent\" style=\"clear:both\";><\/div><\/p>\n\n\n\n<p>Le specialit\u00e0 interessate, con riguardo esclusivamente agli interventi in elezione ed espressa esclusione dell\u2019emergenza\/urgenza, riguarderebbero, oltre l\u2019urologia gi\u00e0 oggetto di convenzione per Mistretta, anche le specialit\u00e0 di chirurgia generale, ortopedia e ginecologia, e si estenderebbero all\u2019ospedale di Sant\u2019Agata di Militello.<\/p>\n\n\n\n<p>\u201cOltre ai profili di probabile danno erariale che l\u2019analisi costi-benefici sembra evidenziare \u2013 afferma De Leo \u2013 e all\u2019allarme lanciato anche dalle organizzazioni sindacali circa il rischio concreto di eccedenze di personale medico, infermieristico, tecnico sanitario, OSS, ausiliari, etc., con probabile trasferimento in altre sedi dei professionisti che compongono le \u00e9quipes operatorie attualmente impegnate per conto dell\u2019ASP, ci\u00f2 che pi\u00f9 ci preoccupa \u00e8 un progressivo smantellamento dei presidi ospedalieri, con conseguente riduzione della operativit\u00e0 e dei servizi ai pazienti. In altri termini non vorremmo che tale indirizzo sottenda un progressivo ulteriore disimpegno dell\u2019ASP dai presidi di Mistretta e di Sant\u2019Agata di Militello solo in parte compensato dall\u2019attivit\u00e0 oggetto della convenzione\u201d.<\/p>\n\n\n\n<p>L\u2019interrogazione, oltre che da De Leo \u00e8 stata sottoscritta anche dai deputati De Luca, Balsamo, Geraci, La Vardera, Lombardo, Sciotto e Vasta, ed \u00e8 volta ad ottenere chiarimenti sulla conformit\u00e0 della convenzione alle previsioni del decreto regionale sulla rimodulazione della rete ospedaliera della Regione Sicilia ed all\u2019Atto Aziendale dell\u2019ASP di Messina e sulla salvaguardia, per l\u2019ospedale di Mistretta, della qualificazione quale presidio ospedaliero in zona disagiata secondo le previsioni del decreto Balduzzi.<\/p>\n","protected":false},"excerpt":{"rendered":"<p>L\u2019ASP di Messina \u00e8 intenzionata ad ampliare il raggio di azione della convenzione stipulata con la Fondazione \u201cGiglio\u201d di Cefal\u00f9, gi\u00e0 in vigore per l\u2019ospedale di Mistretta limitatamente alle prestazioni di urologia, ad altre branche specialistiche tanto presso lo stesso \u201cSantissimo Salvatore\u201d quanto anche per l\u2019ospedale di Sant\u2019Agata di Militello. In un&#8217;interrogazione, a prima firma [&hellip;]<\/p>\n","protected":false},"author":8,"featured_media":137227,"comment_status":"open","ping_status":"open","sticky":false,"template":"","format":"standard","meta":{"ub_ctt_via":"","_mi_skip_tracking":false},"categories":[13,18],"tags":[6336,111,4430,1520],"featured_image_src":"https:\/\/www.messinaoggi.it\/website\/wp-content\/uploads\/2023\/01\/Alessandro-De-Leo.jpeg","author_info":{"display_name":"red..me","author_link":"https:\/\/www.messinaoggi.it\/website\/author\/redstage\/"},"digistream_id":0,"digistream":false,"_links":{"self":[{"href":"https:\/\/www.messinaoggi.it\/website\/wp-json\/wp\/v2\/posts\/137226"}],"collection":[{"href":"https:\/\/www.messinaoggi.it\/website\/wp-json\/wp\/v2\/posts"}],"about":[{"href":"https:\/\/www.messinaoggi.it\/website\/wp-json\/wp\/v2\/types\/post"}],"author":[{"embeddable":true,"href":"https:\/\/www.messinaoggi.it\/website\/wp-json\/wp\/v2\/users\/8"}],"replies":[{"embeddable":true,"href":"https:\/\/www.messinaoggi.it\/website\/wp-json\/wp\/v2\/comments?post=137226"}],"version-history":[{"count":1,"href":"https:\/\/www.messinaoggi.it\/website\/wp-json\/wp\/v2\/posts\/137226\/revisions"}],"predecessor-version":[{"id":137228,"href":"https:\/\/www.messinaoggi.it\/website\/wp-json\/wp\/v2\/posts\/137226\/revisions\/137228"}],"wp:featuredmedia":[{"embeddable":true,"href":"https:\/\/www.messinaoggi.it\/website\/wp-json\/wp\/v2\/media\/137227"}],"wp:attachment":[{"href":"https:\/\/www.messinaoggi.it\/website\/wp-json\/wp\/v2\/media?parent=137226"}],"wp:term":[{"taxonomy":"category","embeddable":true,"href":"https:\/\/www.messinaoggi.it\/website\/wp-json\/wp\/v2\/categories?post=137226"},{"taxonomy":"post_tag","embeddable":true,"href":"https:\/\/www.messinaoggi.it\/website\/wp-json\/wp\/v2\/tags?post=137226"}],"curies":[{"name":"wp","href":"https:\/\/api.w.org\/{rel}","templated":true}]}}