{"id":137151,"date":"2023-01-10T20:23:49","date_gmt":"2023-01-10T19:23:49","guid":{"rendered":"http:\/\/www.messinaoggi.it\/website\/?p=137151"},"modified":"2023-01-10T20:26:08","modified_gmt":"2023-01-10T19:26:08","slug":"erosione-costiera-a-nord-del-torrente-galati-nuovo-allarme-di-un-gruppo-di-abitanti","status":"publish","type":"post","link":"https:\/\/www.messinaoggi.it\/website\/2023\/01\/10\/erosione-costiera-a-nord-del-torrente-galati-nuovo-allarme-di-un-gruppo-di-abitanti\/","title":{"rendered":"Erosione costiera a nord del torrente Galati: nuovo allarme di un gruppo di abitanti"},"content":{"rendered":"\n<p>Torna a far paura <strong>l&#8217;erosione costiera <\/strong>nella zona <strong>a nord del torrente Galati<\/strong>. Dopo la precedente PEC inviata ad aprile dello scorso anno a varie autorit\u00e0, ne parte un&#8217;altra &#8211; anche stavolta corredata da corposa documentazione fotografica &#8211; a firma di un gruppo di cittadini della zona, capitanati sempre dal Perito Edile <strong>Luca Munaf\u00f2<\/strong>. <div id=\"div-gpt-ad-Messinaoggi.it-DSK-300x250-corpoart\" style=\"text-align:center;margin:0 auto;\"><\/div><\/p>\n\n\n\n<p>C&#8217;\u00e8 molta preoccupazione per i nuovi possibili rischi per le abitazioni in occasione delle future mareggiate: &#8220;<em>Da diversi anni<\/em> &#8211; scrive Munaf\u00f2 &#8211; <em>vi \u00e8 un\u2019erosione costiera che sta colpendo la spiaggia della frazione. Ultimamente sono stati collocati dei pennelli lungo il tratto di spiaggia a Sud del torrente del villaggio. Tali lavori, come segnalato nella precedente PEC, stanno causando l\u2019erosione costiera nel tratto di spiaggia a Nord del succitato torrente. Le precedenti mareggiate, avvenute nell\u2019inverno scorso, hanno gi\u00e0 causato notevoli danni a diverse propriet\u00e0, poich\u00e9 l\u2019arenile si \u00e8 notevolmente ridotto&#8221;.<\/em><div id=\"videoincontent\" style=\"clear:both\";><\/div><\/p>\n\n\n\n<p class=\"has-text-align-left\">Perci\u00f2 gli abitanti della zona sollecitano<em> &#8220;l\u2019intervento di messa in sicurezza, in quanto le abitazioni esistenti lungo il litorale saranno minacciate dal mare. Durante il periodo della campagna elettorale, sono stati effettuati dei sopralluoghi da parte dei candidati a Sindaco e di loro delegati, con la promessa che, al termine della stagione estiva, si sarebbe intervenuti per la messa in sicurezza delle abitazioni con il posizionamento delle barriere sull\u2019arenile e di varchi per l\u2019accesso dei bagnanti<\/em>&#8220;.<\/p>\n","protected":false},"excerpt":{"rendered":"<p>Torna a far paura l&#8217;erosione costiera nella zona a nord del torrente Galati. Dopo la precedente PEC inviata ad aprile dello scorso anno a varie autorit\u00e0, ne parte un&#8217;altra &#8211; anche stavolta corredata da corposa documentazione fotografica &#8211; a firma di un gruppo di cittadini della zona, capitanati sempre dal Perito Edile Luca Munaf\u00f2. C&#8217;\u00e8 [&hellip;]<\/p>\n","protected":false},"author":9,"featured_media":137152,"comment_status":"open","ping_status":"open","sticky":false,"template":"","format":"standard","meta":{"ub_ctt_via":"","_mi_skip_tracking":false},"categories":[5],"tags":[],"featured_image_src":"https:\/\/www.messinaoggi.it\/website\/wp-content\/uploads\/2023\/01\/IMG-20230110-WA0009.jpg","author_info":{"display_name":"Roberto Santoro","author_link":"https:\/\/www.messinaoggi.it\/website\/author\/r-santoro\/"},"digistream_id":0,"digistream":false,"_links":{"self":[{"href":"https:\/\/www.messinaoggi.it\/website\/wp-json\/wp\/v2\/posts\/137151"}],"collection":[{"href":"https:\/\/www.messinaoggi.it\/website\/wp-json\/wp\/v2\/posts"}],"about":[{"href":"https:\/\/www.messinaoggi.it\/website\/wp-json\/wp\/v2\/types\/post"}],"author":[{"embeddable":true,"href":"https:\/\/www.messinaoggi.it\/website\/wp-json\/wp\/v2\/users\/9"}],"replies":[{"embeddable":true,"href":"https:\/\/www.messinaoggi.it\/website\/wp-json\/wp\/v2\/comments?post=137151"}],"version-history":[{"count":1,"href":"https:\/\/www.messinaoggi.it\/website\/wp-json\/wp\/v2\/posts\/137151\/revisions"}],"predecessor-version":[{"id":137153,"href":"https:\/\/www.messinaoggi.it\/website\/wp-json\/wp\/v2\/posts\/137151\/revisions\/137153"}],"wp:featuredmedia":[{"embeddable":true,"href":"https:\/\/www.messinaoggi.it\/website\/wp-json\/wp\/v2\/media\/137152"}],"wp:attachment":[{"href":"https:\/\/www.messinaoggi.it\/website\/wp-json\/wp\/v2\/media?parent=137151"}],"wp:term":[{"taxonomy":"category","embeddable":true,"href":"https:\/\/www.messinaoggi.it\/website\/wp-json\/wp\/v2\/categories?post=137151"},{"taxonomy":"post_tag","embeddable":true,"href":"https:\/\/www.messinaoggi.it\/website\/wp-json\/wp\/v2\/tags?post=137151"}],"curies":[{"name":"wp","href":"https:\/\/api.w.org\/{rel}","templated":true}]}}