{"id":137141,"date":"2023-01-10T19:19:47","date_gmt":"2023-01-10T18:19:47","guid":{"rendered":"http:\/\/www.messinaoggi.it\/website\/?p=137141"},"modified":"2023-01-10T19:19:48","modified_gmt":"2023-01-10T18:19:48","slug":"maltempo-e-caduta-alberi-la-denuncia-della-iii-muncipalita","status":"publish","type":"post","link":"https:\/\/www.messinaoggi.it\/website\/2023\/01\/10\/maltempo-e-caduta-alberi-la-denuncia-della-iii-muncipalita\/","title":{"rendered":"Maltempo e caduta alberi, la denuncia della III Muncipalit\u00e0"},"content":{"rendered":"\n<p><strong>Alessandro Cacciotto,<\/strong> Presidente della III Municipalit\u00e0 di Messina, interviene sulle problematiche legate al maltempo di quest&#8217;oggi e alla cura degli alberi.<div id=\"div-gpt-ad-Messinaoggi.it-DSK-300x250-corpoart\" style=\"text-align:center;margin:0 auto;\"><\/div><\/p>\n\n\n\n<p>&#8220;In queste ore, causa probabilmente eventi atmosferici, si stanno registrando diversi problemi in citt\u00e0 come la caduta di alberi.<br>Posto che gli eventi atmosferici sono spesso imprevedibili, ci\u00f2 che per\u00f2 \u00e8 prevedibile, rimanendo nell&#8217;argomento alberi, \u00e8 la loro cura e manutenzione, in termini anche di potatura e messa in sicurezza.<div id=\"videoincontent\" style=\"clear:both\";><\/div><\/p>\n\n\n\n<figure class=\"wp-block-image size-large\"><img loading=\"lazy\" width=\"765\" height=\"1024\" src=\"http:\/\/www.messinaoggi.it\/website\/wp-content\/uploads\/2023\/01\/III-Municipalita-alberi-maltempo-3-765x1024.jpeg\" alt=\"\" class=\"wp-image-137143\" srcset=\"https:\/\/www.messinaoggi.it\/website\/wp-content\/uploads\/2023\/01\/III-Municipalita-alberi-maltempo-3-765x1024.jpeg 765w, https:\/\/www.messinaoggi.it\/website\/wp-content\/uploads\/2023\/01\/III-Municipalita-alberi-maltempo-3-224x300.jpeg 224w, https:\/\/www.messinaoggi.it\/website\/wp-content\/uploads\/2023\/01\/III-Municipalita-alberi-maltempo-3-768x1027.jpeg 768w, https:\/\/www.messinaoggi.it\/website\/wp-content\/uploads\/2023\/01\/III-Municipalita-alberi-maltempo-3-1148x1536.jpeg 1148w, https:\/\/www.messinaoggi.it\/website\/wp-content\/uploads\/2023\/01\/III-Municipalita-alberi-maltempo-3.jpeg 1196w\" sizes=\"(max-width: 765px) 100vw, 765px\" \/><\/figure>\n\n\n\n<p><br>Il Consiglio della Terza Municipalit\u00e0 in data 22.11.2022 ha votato la delibera n. 49 con la quale si invitava l&#8217;Assessorato ai rapporti con la Messina Servizi Bene Comune S.p.A., il Dipartimento Servizi Ambientali e la Messina Servizi Bene Comune S.p. A. ad effettuare con urgenza la potatura, risagomatura e messa in sicurezza di tutta una serie di alberi siti nel territorio della terza Municipalit\u00e0.<\/p>\n\n\n\n<figure class=\"wp-block-image size-large\"><img loading=\"lazy\" width=\"765\" height=\"1024\" src=\"http:\/\/www.messinaoggi.it\/website\/wp-content\/uploads\/2023\/01\/III-Municipalita-alberi-maltempo-2-765x1024.jpeg\" alt=\"\" class=\"wp-image-137144\" srcset=\"https:\/\/www.messinaoggi.it\/website\/wp-content\/uploads\/2023\/01\/III-Municipalita-alberi-maltempo-2-765x1024.jpeg 765w, https:\/\/www.messinaoggi.it\/website\/wp-content\/uploads\/2023\/01\/III-Municipalita-alberi-maltempo-2-224x300.jpeg 224w, https:\/\/www.messinaoggi.it\/website\/wp-content\/uploads\/2023\/01\/III-Municipalita-alberi-maltempo-2-768x1027.jpeg 768w, https:\/\/www.messinaoggi.it\/website\/wp-content\/uploads\/2023\/01\/III-Municipalita-alberi-maltempo-2-1148x1536.jpeg 1148w, https:\/\/www.messinaoggi.it\/website\/wp-content\/uploads\/2023\/01\/III-Municipalita-alberi-maltempo-2.jpeg 1196w\" sizes=\"(max-width: 765px) 100vw, 765px\" \/><\/figure>\n\n\n\n<p><br>Purtroppo, ma non \u00e8 una novit\u00e0, da parte dei soggetti preposti alcuna risposta.<br>Nel ribadire che gli eventi atmosferici sono assai spesso imprevedibili, i disagi ed i pericoli che si stanno registrando in queste ore dovrebbero portare chi di competenza ad una riflessione e cio\u00e8 a tenere in debita considerazione le segnalazioni e le delibere esitate dall&#8217;organo Municipale da molti, a questo punto solo per slogan, considerato sentinella del territorio.<br>Ci si augura ovviamente, che i disagi ed i pericoli di queste ore rimangano tali senza altre pi\u00f9 gravi conseguenze in attesa di una risoluzione&#8221;.<br><\/p>\n","protected":false},"excerpt":{"rendered":"<p>Alessandro Cacciotto, Presidente della III Municipalit\u00e0 di Messina, interviene sulle problematiche legate al maltempo di quest&#8217;oggi e alla cura degli alberi. &#8220;In queste ore, causa probabilmente eventi atmosferici, si stanno registrando diversi problemi in citt\u00e0 come la caduta di alberi.Posto che gli eventi atmosferici sono spesso imprevedibili, ci\u00f2 che per\u00f2 \u00e8 prevedibile, rimanendo nell&#8217;argomento alberi, [&hellip;]<\/p>\n","protected":false},"author":15,"featured_media":136987,"comment_status":"open","ping_status":"open","sticky":false,"template":"","format":"standard","meta":{"ub_ctt_via":"","_mi_skip_tracking":false},"categories":[4],"tags":[650,1125,5828,1103],"featured_image_src":"https:\/\/www.messinaoggi.it\/website\/wp-content\/uploads\/2023\/01\/Villa-Dante.jpeg","author_info":{"display_name":"red.me","author_link":"https:\/\/www.messinaoggi.it\/website\/author\/red-me\/"},"digistream_id":0,"digistream":false,"_links":{"self":[{"href":"https:\/\/www.messinaoggi.it\/website\/wp-json\/wp\/v2\/posts\/137141"}],"collection":[{"href":"https:\/\/www.messinaoggi.it\/website\/wp-json\/wp\/v2\/posts"}],"about":[{"href":"https:\/\/www.messinaoggi.it\/website\/wp-json\/wp\/v2\/types\/post"}],"author":[{"embeddable":true,"href":"https:\/\/www.messinaoggi.it\/website\/wp-json\/wp\/v2\/users\/15"}],"replies":[{"embeddable":true,"href":"https:\/\/www.messinaoggi.it\/website\/wp-json\/wp\/v2\/comments?post=137141"}],"version-history":[{"count":1,"href":"https:\/\/www.messinaoggi.it\/website\/wp-json\/wp\/v2\/posts\/137141\/revisions"}],"predecessor-version":[{"id":137145,"href":"https:\/\/www.messinaoggi.it\/website\/wp-json\/wp\/v2\/posts\/137141\/revisions\/137145"}],"wp:featuredmedia":[{"embeddable":true,"href":"https:\/\/www.messinaoggi.it\/website\/wp-json\/wp\/v2\/media\/136987"}],"wp:attachment":[{"href":"https:\/\/www.messinaoggi.it\/website\/wp-json\/wp\/v2\/media?parent=137141"}],"wp:term":[{"taxonomy":"category","embeddable":true,"href":"https:\/\/www.messinaoggi.it\/website\/wp-json\/wp\/v2\/categories?post=137141"},{"taxonomy":"post_tag","embeddable":true,"href":"https:\/\/www.messinaoggi.it\/website\/wp-json\/wp\/v2\/tags?post=137141"}],"curies":[{"name":"wp","href":"https:\/\/api.w.org\/{rel}","templated":true}]}}