{"id":13707,"date":"2017-12-29T18:47:19","date_gmt":"2017-12-29T17:47:19","guid":{"rendered":"http:\/\/www.messinaoggi.it\/website\/?p=13707"},"modified":"2017-12-29T18:47:19","modified_gmt":"2017-12-29T17:47:19","slug":"i-21-anni-di-ciccio-sanfilippo-in-famiglia-difende-i-pali-dellenotria-nellorbita-inter","status":"publish","type":"post","link":"https:\/\/www.messinaoggi.it\/website\/2017\/12\/29\/i-21-anni-di-ciccio-sanfilippo-in-famiglia-difende-i-pali-dellenotria-nellorbita-inter\/","title":{"rendered":"I 21 anni di Ciccio Sanfilippo in famiglia: difende i pali dell&#039;Enotria (nell&#039;orbita Inter)"},"content":{"rendered":"<p style=\"text-align: justify\">Oggi <strong>21\u00b0 compleanno<\/strong> in famiglia, a Messina dove sar\u00e0 in vacanza sino al 12 gennaio 2018, per <strong>Francesco &#8220;Ciccio&#8221; Sanfilippo<\/strong>. Da ormai quattordici mesi il portiere messinese classe &#8217;96 risiede infatti a Milano, dove frequenta al 2\u00b0 anno del Corso di Laurea Laurea in Mediazione Linguistica presso l&#8217;Istituto Universitario Carlo Bo.<br \/>\nSe, per sua stessa ammissione, &#8220;<em>Gli studi stanno andando bene, sono in regola con le materie e spero di laurearmi in tempo, entro i tre anni&#8221;<\/em> e di tanto in tanto riesce anche ad alternarli con l&#8217;attivit\u00e0 lavorativa <em>(&#8220;Ogni tanto, quando ho la possibilit\u00e0, lavoro nel campo della ristorazione<\/em><em>&#8220;<\/em>), ad uscirne sacrificata \u00e8 la sua passione per il calcio: nella stagione 2017\/18 Francesco si \u00e8 congedato dal Bolgiano per passare al <strong>Football Club Enotria<\/strong>, formazione meneghina militante in Terza Categoria.<div id=\"div-gpt-ad-Messinaoggi.it-DSK-300x250-corpoart\" style=\"text-align:center;margin:0 auto;\"><\/div><\/p>\n<p style=\"text-align: justify\">&#8220;<em> Ho compiuto questa scelta per poter conciliare universit\u00e0, lavoro e calcio, e non me ne sono pentito assolutamente. Si tratta di un centro di formazione Inter e di un centro sportivo federale riconosciuto dalla Nazionale italiana. Neanche a dirlo l&#8217;impianto sportivo \u00e8 di altre categorie, impensabile per il Sud. C&#8217;\u00e8 un bel clima, si gioca per divertirsi ma la nella mia squadra, come in altre della categoria, c&#8217;\u00e8 una mentalit\u00e0 da professionisti. Ho firmato perch\u00e9 l&#8217;obiettivo era vincere il campionato, al momento le cose non stanno andando benissimo per vari problemi, ma nel girone di ritorno ci rifaremo sicuramente&#8221;.<\/em><div id=\"videoincontent\" style=\"clear:both\";><\/div><\/p>\n<p style=\"text-align: justify\">Malgrado la distanza, Sanfilippo cerca di tenersi sempre bene informato sull&#8217;andamento delle principali realt\u00e0 calcistiche messinesi. A cominciare dal principale club peloritano. &#8220;<em>Nell&#8217;Acr non ci spero pi\u00f9 di tanto, dispiace avere una situazione perennemente in bilico, ma sono sempre tifoso del Messina&#8221;.<\/em><\/p>\n<p style=\"text-align: justify\">Poi un pensiero alla sua ex squadra, militante nel girone B di Eccellenza, con una piccola concessione alla nostalgia: &#8220;<em>Sono contento per il Pistunina in quanto la scorsa annata \u00e8 servita a riorganizzare squadra e societ\u00e0, cos\u00ece quest&#8217;anno hanno allestito una squadra competitiva. Ogni tanto sento qualcuno della dirigenza, anche perch\u00e8 magari dopo la laurea un annetto in Eccellenza me lo farei<\/em>&#8220;.<\/p>\n<p style=\"text-align: justify\">Spazio quindi alle due realt\u00e0 che vanno per la maggiore nel massimo campionato regionale: &#8220;<em>Citt\u00e0 di Messina e Camaro mi sembrano due ottime squadre, mentre invece in Promozione seguo solo la Messana perch\u00e8 vi gioca mio cugino (Davide Arena, ndr). Tuttavia solo la Jonica, nelle cui file milita l&#8217;altro mio cugino, Gianluca, sta dimostrando di meritare l&#8217;alta classifica. Credo che entrambi i campionati sono di un certo livello&#8221;.<\/em><\/p>\n<p style=\"text-align: justify\">Il 2018 bussa ormai alle porte: &#8220;<em>Come obiettivi personali punto a finire tutti gli esami del secondo anno il prima possibile <\/em>&#8211; conclude Francesco Sanfilippo &#8211; <em>in modo da poter trascorrere l&#8217;estate a Messina. Infine, sul piano calcistico <\/em>&#8211; \u00e8 la sua anticipazione &#8211; <em>l&#8217;anno prossimo probabilmente salir\u00f2 un po di categoria&#8221;.<\/em><\/p>\n","protected":false},"excerpt":{"rendered":"<p>Oggi 21\u00b0 compleanno in famiglia, a Messina dove sar\u00e0 in vacanza sino al 12 gennaio 2018, per Francesco &#8220;Ciccio&#8221; Sanfilippo. Da ormai quattordici mesi il portiere messinese classe &#8217;96 risiede infatti a Milano, dove frequenta al 2\u00b0 anno del Corso di Laurea Laurea in Mediazione Linguistica presso l&#8217;Istituto Universitario Carlo Bo. Se, per sua stessa [&hellip;]<\/p>\n","protected":false},"author":11,"featured_media":13711,"comment_status":"closed","ping_status":"open","sticky":false,"template":"","format":"standard","meta":{"ub_ctt_via":"","_mi_skip_tracking":false},"categories":[10,9],"tags":[],"featured_image_src":"https:\/\/www.messinaoggi.it\/website\/wp-content\/uploads\/2017\/12\/Sanfilippo-Enotria.jpg","author_info":{"display_name":"redsport","author_link":"https:\/\/www.messinaoggi.it\/website\/author\/redsport\/"},"digistream_id":0,"digistream":false,"_links":{"self":[{"href":"https:\/\/www.messinaoggi.it\/website\/wp-json\/wp\/v2\/posts\/13707"}],"collection":[{"href":"https:\/\/www.messinaoggi.it\/website\/wp-json\/wp\/v2\/posts"}],"about":[{"href":"https:\/\/www.messinaoggi.it\/website\/wp-json\/wp\/v2\/types\/post"}],"author":[{"embeddable":true,"href":"https:\/\/www.messinaoggi.it\/website\/wp-json\/wp\/v2\/users\/11"}],"replies":[{"embeddable":true,"href":"https:\/\/www.messinaoggi.it\/website\/wp-json\/wp\/v2\/comments?post=13707"}],"version-history":[{"count":0,"href":"https:\/\/www.messinaoggi.it\/website\/wp-json\/wp\/v2\/posts\/13707\/revisions"}],"wp:featuredmedia":[{"embeddable":true,"href":"https:\/\/www.messinaoggi.it\/website\/wp-json\/wp\/v2\/media\/13711"}],"wp:attachment":[{"href":"https:\/\/www.messinaoggi.it\/website\/wp-json\/wp\/v2\/media?parent=13707"}],"wp:term":[{"taxonomy":"category","embeddable":true,"href":"https:\/\/www.messinaoggi.it\/website\/wp-json\/wp\/v2\/categories?post=13707"},{"taxonomy":"post_tag","embeddable":true,"href":"https:\/\/www.messinaoggi.it\/website\/wp-json\/wp\/v2\/tags?post=13707"}],"curies":[{"name":"wp","href":"https:\/\/api.w.org\/{rel}","templated":true}]}}