{"id":137062,"date":"2023-01-10T12:12:25","date_gmt":"2023-01-10T11:12:25","guid":{"rendered":"http:\/\/www.messinaoggi.it\/website\/?p=137062"},"modified":"2023-01-10T12:13:58","modified_gmt":"2023-01-10T11:13:58","slug":"stalli-per-utenti-inail-la-fauci-interroga-sindaco","status":"publish","type":"post","link":"https:\/\/www.messinaoggi.it\/website\/2023\/01\/10\/stalli-per-utenti-inail-la-fauci-interroga-sindaco\/","title":{"rendered":"Stalli per utenti Inail, La Fauci interroga Sindaco"},"content":{"rendered":"\n<p><strong>Giandomenico La Fauci, <\/strong>capogruppo in Consiglio Comunale di \u201cOra Sicilia\u201d, ha inviato un&#8217;interrogazione al Sindaco di Messina <strong>Federico Basile<\/strong> e all&#8217;amministrazione Comunale e, in particolar modo, all\u2019Assessore con delega alle Infrastrutture, <strong>Salvatore Mondello,<\/strong> in merito alla creazione di 4 stalli riservati per gli utenti INAIL.<br><br>La Fauci spiega che &#8220;<span style=\"background-color: rgba(0, 0, 0, 0);\">le prestazioni erogate dall\u2019INAIL si riferiscono ad un&#8217;utenza<\/span> di persone che presentano disabilit\u00e0 permanenti e\/o temporanee, diverse dall\u2019essere portatori di handicap, ma che tuttavia riguardano utenti con difficolt\u00e0 motorie e consistenti difficolt\u00e0 ad una piena e regolare mobilit\u00e0&#8221;.<br><br>&#8220;Nell\u2019anno 2022, &#8211; chiarisce La Fauci &#8211;  \u00e8 stata inoltrata al Comune di Messina, dal competente ufficio territoriale INAIL, richiesta<br>di attivazione di 4 stalli riservati nella parte prospiciente la sede legale INAIL, per consentire l\u2019erogazione delle prestazioni sanitarie per gli utenti affetti da difficolt\u00e0 motorie, temporanee e\/o permamenti&#8221;<br><br>&#8220;Poi, &#8211; specifica &#8211; il 03 Ottobre 2022 l\u2019Assessore alle Infrastrutture del Comune di Messina ha inoltrato ai competenti Servizi Territoriali ed Urbanistici, richiesta di individuazione di 4 stalli per le visite INAIL da<br>allocare in prossimit\u00e0 della sede di Via Garibaldi&#8221;.<br><br>&#8220;Ad oggi nulla \u00e8 stato adempiuto rispetto alle indicazioni Assessoriali, &#8211; incalza La Fauci &#8211; con conseguente disagio per l\u2019utenza che ha necessit\u00e0 di rivolgersi all\u2019INAIL per l\u2019erogazione delle competenti prestazioni&#8221;.<br><br> &#8220;Sar\u00e0 cura e onere dello scrivente, &#8211; conclude il capogruppo di Ora Sicilia &#8211;  vigilare affinch\u00e9 venga predisposto quanto necessario e in tempi celeri,<br>per garantire la creazione degli stalli dedicati agli utenti affetti da infortunio sul lavoro&#8221;.<br><div id=\"div-gpt-ad-Messinaoggi.it-DSK-300x250-corpoart\" style=\"text-align:center;margin:0 auto;\"><\/div><\/p>\n<div id=\"videoincontent\" style=\"clear:both\";><\/div>","protected":false},"excerpt":{"rendered":"<p>Giandomenico La Fauci, capogruppo in Consiglio Comunale di \u201cOra Sicilia\u201d, ha inviato un&#8217;interrogazione al Sindaco di Messina Federico Basile e all&#8217;amministrazione Comunale e, in particolar modo, all\u2019Assessore con delega alle Infrastrutture, Salvatore Mondello, in merito alla creazione di 4 stalli riservati per gli utenti INAIL. La Fauci spiega che &#8220;le prestazioni erogate dall\u2019INAIL si riferiscono [&hellip;]<\/p>\n","protected":false},"author":123457,"featured_media":23132,"comment_status":"open","ping_status":"open","sticky":false,"template":"","format":"standard","meta":{"ub_ctt_via":"","_mi_skip_tracking":false},"categories":[4],"tags":[5689,2014,2395,2972,3367,6309,5288,945,4167,2406,2344],"featured_image_src":"https:\/\/www.messinaoggi.it\/website\/wp-content\/uploads\/2018\/08\/Giandomenico-La-Fauci-1.jpg","author_info":{"display_name":"Michele Bruno","author_link":"https:\/\/www.messinaoggi.it\/website\/author\/michele-bruno\/"},"digistream_id":0,"digistream":false,"_links":{"self":[{"href":"https:\/\/www.messinaoggi.it\/website\/wp-json\/wp\/v2\/posts\/137062"}],"collection":[{"href":"https:\/\/www.messinaoggi.it\/website\/wp-json\/wp\/v2\/posts"}],"about":[{"href":"https:\/\/www.messinaoggi.it\/website\/wp-json\/wp\/v2\/types\/post"}],"author":[{"embeddable":true,"href":"https:\/\/www.messinaoggi.it\/website\/wp-json\/wp\/v2\/users\/123457"}],"replies":[{"embeddable":true,"href":"https:\/\/www.messinaoggi.it\/website\/wp-json\/wp\/v2\/comments?post=137062"}],"version-history":[{"count":1,"href":"https:\/\/www.messinaoggi.it\/website\/wp-json\/wp\/v2\/posts\/137062\/revisions"}],"predecessor-version":[{"id":137065,"href":"https:\/\/www.messinaoggi.it\/website\/wp-json\/wp\/v2\/posts\/137062\/revisions\/137065"}],"wp:featuredmedia":[{"embeddable":true,"href":"https:\/\/www.messinaoggi.it\/website\/wp-json\/wp\/v2\/media\/23132"}],"wp:attachment":[{"href":"https:\/\/www.messinaoggi.it\/website\/wp-json\/wp\/v2\/media?parent=137062"}],"wp:term":[{"taxonomy":"category","embeddable":true,"href":"https:\/\/www.messinaoggi.it\/website\/wp-json\/wp\/v2\/categories?post=137062"},{"taxonomy":"post_tag","embeddable":true,"href":"https:\/\/www.messinaoggi.it\/website\/wp-json\/wp\/v2\/tags?post=137062"}],"curies":[{"name":"wp","href":"https:\/\/api.w.org\/{rel}","templated":true}]}}