{"id":13688,"date":"2017-12-29T12:35:23","date_gmt":"2017-12-29T11:35:23","guid":{"rendered":"http:\/\/www.messinaoggi.it\/website\/?p=13688"},"modified":"2017-12-29T12:35:23","modified_gmt":"2017-12-29T11:35:23","slug":"biancuzzo-emergenza-118-riaprite-il-presidio-di-castanea","status":"publish","type":"post","link":"https:\/\/www.messinaoggi.it\/website\/2017\/12\/29\/biancuzzo-emergenza-118-riaprite-il-presidio-di-castanea\/","title":{"rendered":"Biancuzzo: &quot;Emergenza 118, riaprite il presidio di Castanea&quot;"},"content":{"rendered":"<p>Sos 118 nella zona nord di Messina, &#8220;orfano&#8221; anche dell&#8217;importante presidio di Castanea. Mario Biancuzzo cerca di riaccendere i riflettori sulla vicenda: &#8220;Sottolineo l\u2019emergenza di adottare immediati interventi per ripristinare un servizio indispensabile per tutelare la salute pubblica con la riapertura della postazione del 118, chiuso ormai da cinque anni.<br \/>\nIl gravissimo problema \u00e8 stato affrontato dal consiglio della municipalit\u00e0, organo eletto democraticamente dai cittadini, per chiedere la riapertura del presidio del 118, ma ad oggi nulla \u00e8 stato fatto. Chiedo, nella qualit\u00e0 di consigliere, al signor sindaco, Renato Accorinti, di indire un tavolo tecnico con i dirigenti del 118, dell\u2019Aap e del prefetto per concordare la riapertura del presidio del 118 a nord del Comune di Messina.<br \/>\nUna popolazione di oltre 9mila persone che in estate tende a triplicare &#8211; denuncia il consigliere della VI Circoscrizione &#8211; non pu\u00f2 essere sprovvista di ambulanze. Il presidio del 118 deve tornare e subito a Castanea, cos\u00ec come risulta da delibera regionale, sede pi\u00f9 idonea dal punto di vista logistico, in modo che tutti i cittadini possano usufruire del presidio medico fisso in grado di garantire interventi tempestivi in tutto il circondario&#8221;.<div id=\"div-gpt-ad-Messinaoggi.it-DSK-300x250-corpoart\" style=\"text-align:center;margin:0 auto;\"><\/div><\/p>\n<div id=\"videoincontent\" style=\"clear:both\";><\/div>","protected":false},"excerpt":{"rendered":"<p>Sos 118 nella zona nord di Messina, &#8220;orfano&#8221; anche dell&#8217;importante presidio di Castanea. Mario Biancuzzo cerca di riaccendere i riflettori sulla vicenda: &#8220;Sottolineo l\u2019emergenza di adottare immediati interventi per ripristinare un servizio indispensabile per tutelare la salute pubblica con la riapertura della postazione del 118, chiuso ormai da cinque anni. Il gravissimo problema \u00e8 stato [&hellip;]<\/p>\n","protected":false},"author":2,"featured_media":2143,"comment_status":"closed","ping_status":"open","sticky":false,"template":"","format":"standard","meta":{"ub_ctt_via":"","_mi_skip_tracking":false},"categories":[5],"tags":[],"featured_image_src":"https:\/\/www.messinaoggi.it\/website\/wp-content\/uploads\/2017\/06\/118-ambulanza-2.jpg","author_info":{"display_name":"Redazione","author_link":"https:\/\/www.messinaoggi.it\/website\/author\/redazione\/"},"digistream_id":0,"digistream":false,"_links":{"self":[{"href":"https:\/\/www.messinaoggi.it\/website\/wp-json\/wp\/v2\/posts\/13688"}],"collection":[{"href":"https:\/\/www.messinaoggi.it\/website\/wp-json\/wp\/v2\/posts"}],"about":[{"href":"https:\/\/www.messinaoggi.it\/website\/wp-json\/wp\/v2\/types\/post"}],"author":[{"embeddable":true,"href":"https:\/\/www.messinaoggi.it\/website\/wp-json\/wp\/v2\/users\/2"}],"replies":[{"embeddable":true,"href":"https:\/\/www.messinaoggi.it\/website\/wp-json\/wp\/v2\/comments?post=13688"}],"version-history":[{"count":0,"href":"https:\/\/www.messinaoggi.it\/website\/wp-json\/wp\/v2\/posts\/13688\/revisions"}],"wp:featuredmedia":[{"embeddable":true,"href":"https:\/\/www.messinaoggi.it\/website\/wp-json\/wp\/v2\/media\/2143"}],"wp:attachment":[{"href":"https:\/\/www.messinaoggi.it\/website\/wp-json\/wp\/v2\/media?parent=13688"}],"wp:term":[{"taxonomy":"category","embeddable":true,"href":"https:\/\/www.messinaoggi.it\/website\/wp-json\/wp\/v2\/categories?post=13688"},{"taxonomy":"post_tag","embeddable":true,"href":"https:\/\/www.messinaoggi.it\/website\/wp-json\/wp\/v2\/tags?post=13688"}],"curies":[{"name":"wp","href":"https:\/\/api.w.org\/{rel}","templated":true}]}}