{"id":136768,"date":"2023-01-07T12:53:04","date_gmt":"2023-01-07T11:53:04","guid":{"rendered":"http:\/\/www.messinaoggi.it\/website\/?p=136768"},"modified":"2023-01-07T13:41:07","modified_gmt":"2023-01-07T12:41:07","slug":"lutto-si-e-spento-antonio-scibilia","status":"publish","type":"post","link":"https:\/\/www.messinaoggi.it\/website\/2023\/01\/07\/lutto-si-e-spento-antonio-scibilia\/","title":{"rendered":"Lutto, si \u00e8 spento Antonio Scibilia"},"content":{"rendered":"\n<p>Si \u00e8 spento questa mattina all\u2019et\u00e0 di 51 anni, l\u2019imprenditore Antonio Scibilia, figlio del noto ristoratore \u201cPiero\u201d.<div id=\"div-gpt-ad-Messinaoggi.it-DSK-300x250-corpoart\" style=\"text-align:center;margin:0 auto;\"><\/div><\/p>\n\n\n\n<p>Antonio Scibilia ha lottato con tutte le sue forze contro il \u201cmale ribelle\u201d particolarmente aggressivo, dopo una breve malattia. <div id=\"videoincontent\" style=\"clear:both\";><\/div><\/p>\n\n\n\n<p>Antonio Scibilia era molto noto in citt\u00e0 per il suo talento imprenditoriale, ed \u00e8 stato il primo ad aprire in citt\u00e0 il vero pub stile inglese \u201cThe Duck\u201d, che ha gestito per tanti anni assieme ai familiari.<\/p>\n\n\n\n<p>In questo momento di dolore, giungano alla famiglia le condoglianze della redazione del nostro giornale, in modo particolare a Piero e al cognato Lino Santoro Amante.<\/p>\n\n\n\n<p>I funerali saranno celebrati luned\u00ec 9 gennaio 2022, alle 10,30, presso la chiesa di Santa Caterina.<\/p>\n","protected":false},"excerpt":{"rendered":"<p>Si \u00e8 spento questa mattina all\u2019et\u00e0 di 51 anni, l\u2019imprenditore Antonio Scibilia, figlio del noto ristoratore \u201cPiero\u201d. Antonio Scibilia ha lottato con tutte le sue forze contro il \u201cmale ribelle\u201d particolarmente aggressivo, dopo una breve malattia. Antonio Scibilia era molto noto in citt\u00e0 per il suo talento imprenditoriale, ed \u00e8 stato il primo ad aprire [&hellip;]<\/p>\n","protected":false},"author":2,"featured_media":136777,"comment_status":"open","ping_status":"open","sticky":false,"template":"","format":"standard","meta":{"ub_ctt_via":"","_mi_skip_tracking":false},"categories":[5],"tags":[3031,6254,6253],"featured_image_src":"https:\/\/www.messinaoggi.it\/website\/wp-content\/uploads\/2023\/01\/255F9B93-0D3C-4339-A1D8-1455C4C8FCA7.jpeg","author_info":{"display_name":"Redazione","author_link":"https:\/\/www.messinaoggi.it\/website\/author\/redazione\/"},"digistream_id":0,"digistream":false,"_links":{"self":[{"href":"https:\/\/www.messinaoggi.it\/website\/wp-json\/wp\/v2\/posts\/136768"}],"collection":[{"href":"https:\/\/www.messinaoggi.it\/website\/wp-json\/wp\/v2\/posts"}],"about":[{"href":"https:\/\/www.messinaoggi.it\/website\/wp-json\/wp\/v2\/types\/post"}],"author":[{"embeddable":true,"href":"https:\/\/www.messinaoggi.it\/website\/wp-json\/wp\/v2\/users\/2"}],"replies":[{"embeddable":true,"href":"https:\/\/www.messinaoggi.it\/website\/wp-json\/wp\/v2\/comments?post=136768"}],"version-history":[{"count":2,"href":"https:\/\/www.messinaoggi.it\/website\/wp-json\/wp\/v2\/posts\/136768\/revisions"}],"predecessor-version":[{"id":136779,"href":"https:\/\/www.messinaoggi.it\/website\/wp-json\/wp\/v2\/posts\/136768\/revisions\/136779"}],"wp:featuredmedia":[{"embeddable":true,"href":"https:\/\/www.messinaoggi.it\/website\/wp-json\/wp\/v2\/media\/136777"}],"wp:attachment":[{"href":"https:\/\/www.messinaoggi.it\/website\/wp-json\/wp\/v2\/media?parent=136768"}],"wp:term":[{"taxonomy":"category","embeddable":true,"href":"https:\/\/www.messinaoggi.it\/website\/wp-json\/wp\/v2\/categories?post=136768"},{"taxonomy":"post_tag","embeddable":true,"href":"https:\/\/www.messinaoggi.it\/website\/wp-json\/wp\/v2\/tags?post=136768"}],"curies":[{"name":"wp","href":"https:\/\/api.w.org\/{rel}","templated":true}]}}