{"id":136761,"date":"2023-01-07T10:56:55","date_gmt":"2023-01-07T09:56:55","guid":{"rendered":"http:\/\/www.messinaoggi.it\/website\/?p=136761"},"modified":"2023-01-07T11:47:01","modified_gmt":"2023-01-07T10:47:01","slug":"telegrafo-azione-sospendere-pedaggio-villafranca","status":"publish","type":"post","link":"https:\/\/www.messinaoggi.it\/website\/2023\/01\/07\/telegrafo-azione-sospendere-pedaggio-villafranca\/","title":{"rendered":"Telegrafo, Azione: &#8220;sospendere pedaggio Villafranca&#8221;"},"content":{"rendered":"\n<p>&#8220;Sono trascorse gi\u00e0 due settimane dall\u2019incidente che ha reso inagibile la galleria Telegrafo e molti sono stati i disagi per gli utenti, dai numerosi lavoratori che risiedono in provincia agli autotrasportatori che fanno spola dalla Sicilia alla penisola. Ci si sarebbe attesi, nell\u2019attesa del completamento dei dovuti controlli e dei lavori di messa in sicurezza, che il CAS sospendesse, almeno temporaneamente, il pagamento del casello di Villafranca, come compensazione simbolica per l\u2019aumento dei tempi di percorrenza e dei consumi di carburante che questa interruzione comporta. \u00c8 sempre in tempo per farlo. Contestualmente, rinnoviamo l\u2019appello che gi\u00e0 da anni i residenti messinesi delle aree limitrofe al casello di Villafranca portano avanti affinch\u00e9 siano esentati dal pagamento di quello che \u00e8 un pedaggio iniquo e ingiustificato&#8221;.<div id=\"div-gpt-ad-Messinaoggi.it-DSK-300x250-corpoart\" style=\"text-align:center;margin:0 auto;\"><\/div><\/p>\n\n\n\n<p>Aggiunge, inoltre, il segretario cittadino <strong>Salvatore Grosso <\/strong>su disagi viabilit\u00e0 zone collinari: \u201cChiediamo inoltre alle autorit\u00e0 competenti maggiori controlli sulle strade collinari in cui in questi giorni si \u00e8 riversato il traffico. Si segnalano non solo manovre e sorpassi pericolosi, ma anche numerosi cumuli di rifiuti disseminati sul ciglio della strada o sulle scarpate. Occorrer\u00e0 infine fare una stima delle condizioni dell\u2019asfalto, gi\u00e0 in molti tratti usurato, dopo il passaggio di questo volume di mezzi pesanti\u201d.<div id=\"videoincontent\" style=\"clear:both\";><\/div><\/p>\n","protected":false},"excerpt":{"rendered":"<p>&#8220;Sono trascorse gi\u00e0 due settimane dall\u2019incidente che ha reso inagibile la galleria Telegrafo e molti sono stati i disagi per gli utenti, dai numerosi lavoratori che risiedono in provincia agli autotrasportatori che fanno spola dalla Sicilia alla penisola. Ci si sarebbe attesi, nell\u2019attesa del completamento dei dovuti controlli e dei lavori di messa in sicurezza, [&hellip;]<\/p>\n","protected":false},"author":15,"featured_media":135496,"comment_status":"open","ping_status":"open","sticky":false,"template":"","format":"standard","meta":{"ub_ctt_via":"","_mi_skip_tracking":false},"categories":[4],"tags":[6250,580,5387,2883,718,6251,4312],"featured_image_src":"https:\/\/www.messinaoggi.it\/website\/wp-content\/uploads\/2022\/12\/0-8.jpg","author_info":{"display_name":"red.me","author_link":"https:\/\/www.messinaoggi.it\/website\/author\/red-me\/"},"digistream_id":0,"digistream":false,"_links":{"self":[{"href":"https:\/\/www.messinaoggi.it\/website\/wp-json\/wp\/v2\/posts\/136761"}],"collection":[{"href":"https:\/\/www.messinaoggi.it\/website\/wp-json\/wp\/v2\/posts"}],"about":[{"href":"https:\/\/www.messinaoggi.it\/website\/wp-json\/wp\/v2\/types\/post"}],"author":[{"embeddable":true,"href":"https:\/\/www.messinaoggi.it\/website\/wp-json\/wp\/v2\/users\/15"}],"replies":[{"embeddable":true,"href":"https:\/\/www.messinaoggi.it\/website\/wp-json\/wp\/v2\/comments?post=136761"}],"version-history":[{"count":1,"href":"https:\/\/www.messinaoggi.it\/website\/wp-json\/wp\/v2\/posts\/136761\/revisions"}],"predecessor-version":[{"id":136762,"href":"https:\/\/www.messinaoggi.it\/website\/wp-json\/wp\/v2\/posts\/136761\/revisions\/136762"}],"wp:featuredmedia":[{"embeddable":true,"href":"https:\/\/www.messinaoggi.it\/website\/wp-json\/wp\/v2\/media\/135496"}],"wp:attachment":[{"href":"https:\/\/www.messinaoggi.it\/website\/wp-json\/wp\/v2\/media?parent=136761"}],"wp:term":[{"taxonomy":"category","embeddable":true,"href":"https:\/\/www.messinaoggi.it\/website\/wp-json\/wp\/v2\/categories?post=136761"},{"taxonomy":"post_tag","embeddable":true,"href":"https:\/\/www.messinaoggi.it\/website\/wp-json\/wp\/v2\/tags?post=136761"}],"curies":[{"name":"wp","href":"https:\/\/api.w.org\/{rel}","templated":true}]}}