{"id":136747,"date":"2023-01-07T09:07:51","date_gmt":"2023-01-07T08:07:51","guid":{"rendered":"https:\/\/www.messinaoggi.it\/website\/2023\/01\/07\/covid-vaia-loms-mandi-un-pool-di-scienziati-a-pechino\/"},"modified":"2023-01-07T10:10:51","modified_gmt":"2023-01-07T09:10:51","slug":"covid-vaia-loms-mandi-un-pool-di-scienziati-a-pechino","status":"publish","type":"post","link":"https:\/\/www.messinaoggi.it\/website\/2023\/01\/07\/covid-vaia-loms-mandi-un-pool-di-scienziati-a-pechino\/","title":{"rendered":"Covid, Vaia \u201cL\u2019Oms mandi un pool di scienziati a Pechino\u201d"},"content":{"rendered":"<div>ROMA (ITALPRESS) &#8211; &#8220;La situazione Covid in Cina? La mia proposta ufficiale \u00e8 quella di creare un pool di scienziati che vada l\u00ec per capire cosa sta realmente accadendo. Arrivano notizie e immagini raccapriccianti. La Cina, come \u00e8 gi\u00e0 successo tre anni fa a inizio pandemia, non sta brillando certo in trasparenza, ma bisogna capire quale sia la verit\u00e0. E se non acconsentir\u00e0 a questo scambio scientifico, allora bisogner\u00e0 pensare a delle misure. Perch\u00e8 il nostro Paese non si pu\u00f2 permettere di tornare indietro&#8221;. Cos\u00ec in un&#8217;intervista al Corriere della Sera, Francesco Vaia, direttore generale dell&#8217;Istituto per le malattie infettive Lazzaro Spallanzani di Roma, dopo che sulle festivit\u00e0 natalizie \u00e8 aleggiata l&#8217;ombra del nuovo incubo cinese. &#8220;Il terrore \u00e8 un atto istintuale &#8211; spiega -. Alcuni poi hanno contribuito a diffondere questa preoccupazione, che per\u00f2 si \u00e8 dimostrata fallace. Ma adesso da noi, in Italia, la situazione \u00e8 sotto controllo. Gli indici sono tutti in remissione. L&#8217;occupazione dei reparti e delle terapie intensive \u00e8 sotto soglia. Il tasso dei vaccinati \u00e8 molto elevato&#8221;.<br \/>&#8220;Lo Spallanzani ha caldeggiato per primo la protezione degli aeroporti, esattamente come accadde un anno fa con i voli dal Bangladesh &#8211; sottolinea -. E questo ci ha permesso di sequenziare subito il genoma dei positivi e scoprire che siamo di fronte a tutte varianti di Omicron. Ma questo non pu\u00f2 bastare. L&#8217;Oms (Organizzazione mondiale della sanit\u00e0, ndr) deve essere pi\u00f9 incisiva e permettere che si vada in Cina, cos\u00ec come i cinesi vennero da noi a inizio pandemia, dopo che curammo i turisti di Wuhan. Nel rispetto, in un&#8217;ottica di reciprocit\u00e0 e senza arroganza. Per uno scambio di opinioni e di esperienze. Perch\u00e8 nessuno si salva da solo&#8221;.<br \/>&#8220;In questi ultimi giorni &#8211; prosegue &#8211; c&#8217;\u00e8 stata una ripresa delle richieste di immunizzarsi&#8221;. &#8220;Lo diciamo da tempo, da quando \u00e8 comparsa e abbiamo parlato con i colleghi sudafricani, che Omicron \u00e8 pi\u00f9 contagiosa ma meno patogena &#8211; dichiara Francesco Vaia -. Tanti si allarmano quando escono fuori nuove varianti, ma quando il virus muta molto velocemente, come \u00e8 nell&#8217;evoluzione naturale di tutte le pandemie, non vuol dire che diventi pi\u00f9 &#8216;cattiv\u00f2. Solo che \u00e8 nuovo&#8221;. &#8220;Lo chiamerei Covid-23, perch\u00e8 oggi siamo in un periodo e in una situazione totalmente diversi da quelli del 2019. Non \u00e8 un virus sottovalutabile, ma oggi \u00e8 controllabile&#8221;, aggiunge direttore generale dell&#8217;Istituto per le malattie infettive Lazzaro Spallanzani di Roma, sottolineando: &#8220;Se il Covid incontra persone molto anziane, con patologie o soggetti non vaccinati, \u00e8 molto pericoloso e pu\u00f2 essere letale. Ora, oltre alla risposta individuale di chi si \u00e8 immunizzato, ne occorre una di sistema per difendere proprio queste fasce pi\u00f9 deboli nella loro socialit\u00e0. Sono tre anni che ripeto che \u00e8 necessario attuare un piano Marshall per scuole, trasporti, Rsa (Residenze sanitarie assistenziali, ndr) e altri settori; ma finora poco si \u00e8 fatto. Spero che il nuovo governo, che molto tiene alla centralit\u00e0 del Paese, stavolta ascolti e investa per tutelare la terza e la quarta et\u00e0&#8221;.<br \/>In merito ai vaccini che adesso stentano a decollare, commenta: &#8220;L&#8217;errore \u00e8 stato a monte. C&#8217;\u00e8 stata una cattiva comunicazione sullo strumento vaccino, che era ed \u00e8 tuttora uno strumento assolutamente valido, che protegge dalla malattia, dalle forme gravi e dalla morte, ma non dal contagio. Come per altro accade anche per altre malattie o per l&#8217;influenza stagionale. Questo andava detto, e andava detto subito. Un&#8217;eccessiva valorizzazione del vaccinismo \u00e8 stata dannosa. Comunque, in questi ultimi giorni c&#8217;\u00e8 stato un rialzo delle richieste. E torno a ripetere che un richiamo annuale potrebbe essere la soluzione ottimale&#8221;.<br \/>(ITALPRESS).<\/div>\n<div id=\"div-gpt-ad-Messinaoggi.it-DSK-300x250-corpoart\" style=\"text-align:center;margin:0 auto;\"><\/div><\/p><div id=\"videoincontent\" style=\"clear:both\";><\/div>","protected":false},"excerpt":{"rendered":"<p>ROMA (ITALPRESS) &#8211; &#8220;La situazione Covid in Cina? La mia proposta ufficiale \u00e8 quella di creare un pool di scienziati che vada l\u00ec per capire cosa sta realmente accadendo. Arrivano notizie e immagini raccapriccianti. La Cina, come \u00e8 gi\u00e0 successo tre anni fa a inizio pandemia, non sta brillando certo in trasparenza, ma bisogna capire [&hellip;]<\/p>\n","protected":false},"author":18,"featured_media":136748,"comment_status":"closed","ping_status":"closed","sticky":false,"template":"","format":"standard","meta":{"ub_ctt_via":"","_mi_skip_tracking":false},"categories":[221,446],"tags":[783],"featured_image_src":"https:\/\/www.messinaoggi.it\/website\/wp-content\/uploads\/2023\/01\/20230107_0068.jpg","author_info":{"display_name":"Admin","author_link":"https:\/\/www.messinaoggi.it\/website\/author\/admin\/"},"digistream_id":0,"digistream":false,"_links":{"self":[{"href":"https:\/\/www.messinaoggi.it\/website\/wp-json\/wp\/v2\/posts\/136747"}],"collection":[{"href":"https:\/\/www.messinaoggi.it\/website\/wp-json\/wp\/v2\/posts"}],"about":[{"href":"https:\/\/www.messinaoggi.it\/website\/wp-json\/wp\/v2\/types\/post"}],"author":[{"embeddable":true,"href":"https:\/\/www.messinaoggi.it\/website\/wp-json\/wp\/v2\/users\/18"}],"replies":[{"embeddable":true,"href":"https:\/\/www.messinaoggi.it\/website\/wp-json\/wp\/v2\/comments?post=136747"}],"version-history":[{"count":1,"href":"https:\/\/www.messinaoggi.it\/website\/wp-json\/wp\/v2\/posts\/136747\/revisions"}],"predecessor-version":[{"id":136754,"href":"https:\/\/www.messinaoggi.it\/website\/wp-json\/wp\/v2\/posts\/136747\/revisions\/136754"}],"wp:featuredmedia":[{"embeddable":true,"href":"https:\/\/www.messinaoggi.it\/website\/wp-json\/wp\/v2\/media\/136748"}],"wp:attachment":[{"href":"https:\/\/www.messinaoggi.it\/website\/wp-json\/wp\/v2\/media?parent=136747"}],"wp:term":[{"taxonomy":"category","embeddable":true,"href":"https:\/\/www.messinaoggi.it\/website\/wp-json\/wp\/v2\/categories?post=136747"},{"taxonomy":"post_tag","embeddable":true,"href":"https:\/\/www.messinaoggi.it\/website\/wp-json\/wp\/v2\/tags?post=136747"}],"curies":[{"name":"wp","href":"https:\/\/api.w.org\/{rel}","templated":true}]}}