{"id":13674,"date":"2017-12-29T09:52:59","date_gmt":"2017-12-29T08:52:59","guid":{"rendered":"http:\/\/www.messinaoggi.it\/website\/?p=13674"},"modified":"2017-12-29T09:52:59","modified_gmt":"2017-12-29T08:52:59","slug":"naro-sul-tetto-degli-stipendi-allars-ha-prevalso-il-buon-senso","status":"publish","type":"post","link":"https:\/\/www.messinaoggi.it\/website\/2017\/12\/29\/naro-sul-tetto-degli-stipendi-allars-ha-prevalso-il-buon-senso\/","title":{"rendered":"Naro: &quot;Sul tetto degli stipendi all&#039;Ars ha prevalso il buon senso&quot;"},"content":{"rendered":"<p>&#8220;Sui tetti agli stipendi all&#8217;Ars eravamo certi che si sarebbe giunti a una decisione di buon senso, soprattutto in un momento che rimane di grande difficolt\u00e0 per tanti siciliani. Pur condividendo la denuncia di Figuccia non abbiamo ritenuto opportuna la modalit\u00e0 con cui questo tema \u00e8 stato posto in questi giorni.<br \/>\nSu proposta del presidente Miccich\u00e8, il consiglio di presidenza ha approvato all&#8217;unanimit\u00e0 il mantenimento dei tetti agli stipendi. Posizione peraltro condivisa dal presidente\u00a0Musumeci&#8221;. Cos\u00ec Giuseppe Naro commissario regionale Udc, commentando la decisione del Consiglio di presidenza dell&#8217;Ars.<div id=\"div-gpt-ad-Messinaoggi.it-DSK-300x250-corpoart\" style=\"text-align:center;margin:0 auto;\"><\/div><\/p>\n<div id=\"videoincontent\" style=\"clear:both\";><\/div>","protected":false},"excerpt":{"rendered":"<p>&#8220;Sui tetti agli stipendi all&#8217;Ars eravamo certi che si sarebbe giunti a una decisione di buon senso, soprattutto in un momento che rimane di grande difficolt\u00e0 per tanti siciliani. Pur condividendo la denuncia di Figuccia non abbiamo ritenuto opportuna la modalit\u00e0 con cui questo tema \u00e8 stato posto in questi giorni. Su proposta del presidente [&hellip;]<\/p>\n","protected":false},"author":2,"featured_media":13456,"comment_status":"closed","ping_status":"open","sticky":false,"template":"","format":"standard","meta":{"ub_ctt_via":"","_mi_skip_tracking":false},"categories":[11],"tags":[],"featured_image_src":"https:\/\/www.messinaoggi.it\/website\/wp-content\/uploads\/2017\/12\/Naro-RRP_7984.jpg","author_info":{"display_name":"Redazione","author_link":"https:\/\/www.messinaoggi.it\/website\/author\/redazione\/"},"digistream_id":0,"digistream":false,"_links":{"self":[{"href":"https:\/\/www.messinaoggi.it\/website\/wp-json\/wp\/v2\/posts\/13674"}],"collection":[{"href":"https:\/\/www.messinaoggi.it\/website\/wp-json\/wp\/v2\/posts"}],"about":[{"href":"https:\/\/www.messinaoggi.it\/website\/wp-json\/wp\/v2\/types\/post"}],"author":[{"embeddable":true,"href":"https:\/\/www.messinaoggi.it\/website\/wp-json\/wp\/v2\/users\/2"}],"replies":[{"embeddable":true,"href":"https:\/\/www.messinaoggi.it\/website\/wp-json\/wp\/v2\/comments?post=13674"}],"version-history":[{"count":0,"href":"https:\/\/www.messinaoggi.it\/website\/wp-json\/wp\/v2\/posts\/13674\/revisions"}],"wp:featuredmedia":[{"embeddable":true,"href":"https:\/\/www.messinaoggi.it\/website\/wp-json\/wp\/v2\/media\/13456"}],"wp:attachment":[{"href":"https:\/\/www.messinaoggi.it\/website\/wp-json\/wp\/v2\/media?parent=13674"}],"wp:term":[{"taxonomy":"category","embeddable":true,"href":"https:\/\/www.messinaoggi.it\/website\/wp-json\/wp\/v2\/categories?post=13674"},{"taxonomy":"post_tag","embeddable":true,"href":"https:\/\/www.messinaoggi.it\/website\/wp-json\/wp\/v2\/tags?post=13674"}],"curies":[{"name":"wp","href":"https:\/\/api.w.org\/{rel}","templated":true}]}}