{"id":136686,"date":"2023-01-06T10:32:50","date_gmt":"2023-01-06T09:32:50","guid":{"rendered":"https:\/\/www.messinaoggi.it\/website\/2023\/01\/06\/dopo-43-anni-dallomicidio-mattarella-si-cerca-ancora-la-verita\/"},"modified":"2023-01-06T10:32:50","modified_gmt":"2023-01-06T09:32:50","slug":"dopo-43-anni-dallomicidio-mattarella-si-cerca-ancora-la-verita","status":"publish","type":"post","link":"https:\/\/www.messinaoggi.it\/website\/2023\/01\/06\/dopo-43-anni-dallomicidio-mattarella-si-cerca-ancora-la-verita\/","title":{"rendered":"Dopo 43 anni dall\u2019omicidio Mattarella si cerca ancora la verit\u00e0"},"content":{"rendered":"<div>\n<p>PALERMO (ITALPRESS) \u2013 Palermo ricorda Piersanti Mattarella, il suo presidente della Regione assassinato il 6 gennaio 1980 con un omaggio nel luogo dell\u2019agguato. Non solo la memoria, ma anche la rinnovata richiesta di verit\u00e0 sul delitto che vede ancora ombre 43 anni dopo. \u201cLa memoria \u00e8 essenziale in uno stato di diritto \u2013 ha detto il presidente della Regione Siciliana, Renato Schifani -. Si parla anche dell\u2019ipotesi dell\u2019apertura di una commissione di inchiesta. Io credo che queste quando sono presiedute da persone autorevoli, che hanno una storia dietro le spalle, possono aiutare a scoprire quella verit\u00e0 che a volte le limitazioni \u2013 giuste \u2013 e il rigore processuale possono non definire. Penso possa contribuire ad avere una verit\u00e0 compiuta nei confronti della storia di un uomo che ha combattuto la mafia attraverso le istituzioni trasparenti ed \u00e8 stato uno dei primi uomini delle istituzioni che \u00e8 caduto per mano mafiosa. Una mafia che non va sottovalutata, ma combattuta senza se e senza ma, perch\u00e8 si infiltra e non \u00e8 n\u00e8 di destra n\u00e8 di sinistra. Il contrasto del mio governo sar\u00e0 massimo per quanto attiene la verifica sugli appalti e tutto quello che concerne la spesa pubblica\u201d. <br \/>Sulla stessa lunghezza d\u2019onda anche il sindaco di Palermo, Roberto Lagalla: \u201cA 43 anni dalla tragica scomparsa per mano della mafia, la figura del presidente Piersanti Mattarella rappresenta ancora oggi un simbolo e un esempio di alta politica, improntata sul dialogo, il servizio ai cittadini e il contrasto al potere di Cosa nostra. Il suo omicidio resta ancora oggi avvolto da troppe ombre e mi unisco all\u2019appello dei familiari che anche in questi giorni chiedono di continuare a indagare per arrivare a una piena verit\u00e0. Un atto doveroso per onorare la memoria di Piersanti Mattarella e di tutte le vittime della mafia. Per questa ragione, ritengo importante sottolineare l\u2019impegno che il nuovo procuratore di Palermo Maurizio De Lucia e i suoi collaboratori stanno mettendo in campo nel condurre nuovi accertamenti sulle responsabilit\u00e0 di questo delitto\u201d. <br \/>Una luce su quanto accaduto potrebbe arrivare dall\u2019istituzione di una commissione d\u2019inchiesta che si auspica possa essere aperta il presidente del Tribunale di Palermo, Antonio Balsamo: \u201cCredo che i tempi possano essere maturi. Soprattutto per la ricostruzione storica condivisa su questa drammatica stagione del terrorismo mafioso. Una stagione che per fortuna appartiene al passato, ma che \u00e8 comunque importante ricostruire in maniera completa, perch\u00e8 ci sono vaste zone d\u2019ombra su cui sarebbe fondamentale fare piena luce. Tutto ci\u00f2 potrebbe essere opera di una commissione, che potrebbe andare oltre i limiti che sono connaturati al processo penale. E potrebbe essere uno strumento importante per costruire una memoria condivisa capace di fare luce su una stagione nella quale sono caduti in Sicilia alcuni dei pi\u00f9 importanti rappresentanti delle istituzioni, come Piersanti Mattarella, che aveva saputo mutare la considerazione della Sicilia nel contesto europeo e internazionale, riuscendosi ad apporsi con un coraggio straordinario si disegni di cosa nostra nel periodo pi\u00f9 difficile\u201d. <br \/>Quindi, quarantr\u00e8 anni dopo si potrebbero riaprire le indagini sull\u2019omicidio di Piersanti Mattarella, fratello del Presidente della Repubblica Sergio. Una verit\u00e0 che manca da troppo tempo sul presidente delle \u201ccarte in regola\u201d. Presenti alla cerimonia anche diversi familiari, oltre alla maggior parte dei vertici politici della citt\u00e0 e del parlamento siciliano. <div id=\"div-gpt-ad-Messinaoggi.it-DSK-300x250-corpoart\" style=\"text-align:center;margin:0 auto;\"><\/div><\/p>\n<p>foto: xd6<br \/>(ITALPRESS).<div id=\"videoincontent\" style=\"clear:both\";><\/div><\/p>\n<\/div>\n","protected":false},"excerpt":{"rendered":"<p>PALERMO (ITALPRESS) \u2013 Palermo ricorda Piersanti Mattarella, il suo presidente della Regione assassinato il 6 gennaio 1980 con un omaggio nel luogo dell\u2019agguato. Non solo la memoria, ma anche la rinnovata richiesta di verit\u00e0 sul delitto che vede ancora ombre 43 anni dopo. \u201cLa memoria \u00e8 essenziale in uno stato di diritto \u2013 ha detto [&hellip;]<\/p>\n","protected":false},"author":18,"featured_media":136687,"comment_status":"closed","ping_status":"closed","sticky":false,"template":"","format":"standard","meta":{"ub_ctt_via":"","_mi_skip_tracking":false},"categories":[2449],"tags":[783],"featured_image_src":"https:\/\/www.messinaoggi.it\/website\/wp-content\/uploads\/2023\/01\/20230106_0112.jpg","author_info":{"display_name":"Admin","author_link":"https:\/\/www.messinaoggi.it\/website\/author\/admin\/"},"digistream_id":0,"digistream":false,"_links":{"self":[{"href":"https:\/\/www.messinaoggi.it\/website\/wp-json\/wp\/v2\/posts\/136686"}],"collection":[{"href":"https:\/\/www.messinaoggi.it\/website\/wp-json\/wp\/v2\/posts"}],"about":[{"href":"https:\/\/www.messinaoggi.it\/website\/wp-json\/wp\/v2\/types\/post"}],"author":[{"embeddable":true,"href":"https:\/\/www.messinaoggi.it\/website\/wp-json\/wp\/v2\/users\/18"}],"replies":[{"embeddable":true,"href":"https:\/\/www.messinaoggi.it\/website\/wp-json\/wp\/v2\/comments?post=136686"}],"version-history":[{"count":0,"href":"https:\/\/www.messinaoggi.it\/website\/wp-json\/wp\/v2\/posts\/136686\/revisions"}],"wp:featuredmedia":[{"embeddable":true,"href":"https:\/\/www.messinaoggi.it\/website\/wp-json\/wp\/v2\/media\/136687"}],"wp:attachment":[{"href":"https:\/\/www.messinaoggi.it\/website\/wp-json\/wp\/v2\/media?parent=136686"}],"wp:term":[{"taxonomy":"category","embeddable":true,"href":"https:\/\/www.messinaoggi.it\/website\/wp-json\/wp\/v2\/categories?post=136686"},{"taxonomy":"post_tag","embeddable":true,"href":"https:\/\/www.messinaoggi.it\/website\/wp-json\/wp\/v2\/tags?post=136686"}],"curies":[{"name":"wp","href":"https:\/\/api.w.org\/{rel}","templated":true}]}}