{"id":13662,"date":"2017-12-29T09:35:12","date_gmt":"2017-12-29T08:35:12","guid":{"rendered":"http:\/\/www.messinaoggi.it\/website\/?p=13662"},"modified":"2017-12-29T09:35:12","modified_gmt":"2017-12-29T08:35:12","slug":"fotografia-a-messina-levento-ricordi-perche-i-momenti-importanti-vanno-custoditi","status":"publish","type":"post","link":"https:\/\/www.messinaoggi.it\/website\/2017\/12\/29\/fotografia-a-messina-levento-ricordi-perche-i-momenti-importanti-vanno-custoditi\/","title":{"rendered":"Fotografia, a Messina l&#039;evento &quot;Ricordi?&quot; Perch\u00e9 i momenti importanti vanno custoditi"},"content":{"rendered":"<p style=\"text-align: justify;\"><strong>Sfm<\/strong>\u00a0(Scuola di fotografia Messina) propone un antidoto alla liquidit\u00e0 fotografica contemporanea: siamo sommersi da foto digitali perfette che finiscono spesso per essere dimenticate, o peggio perse. La mostra-evento <strong>&#8220;Ricordi?&#8221;<\/strong> si terr\u00e0 il <strong>6<\/strong> e <strong>7<\/strong> <strong>gennaio<\/strong> <strong>dalle 11<\/strong> <strong>alle 22, in via Terranova 5<\/strong>: 5 fotografi professionisti (Pietro Cardile, Anna Venuto, Antonino Gitto, Paolo Galletta, Gianmarco Vetrano) si alterneranno per realizzare gratuitamente un ritratto a chiunque si presenter\u00e0 con qualcuno che ama.<div id=\"div-gpt-ad-Messinaoggi.it-DSK-300x250-corpoart\" style=\"text-align:center;margin:0 auto;\"><\/div><\/p>\n<p style=\"text-align: justify;\">Le pareti dello spazio si riempiranno via via degli scatti realizzati, creando cos\u00ec una grande mostra collettiva e chiunque prender\u00e0 parte all&#8217;evento potr\u00e0 portare a casa una copia della fotografia.<div id=\"videoincontent\" style=\"clear:both\";><\/div><\/p>\n<p style=\"text-align: justify;\">I fondatori di Sfm, Pietro Cardile e Anna Venuto, con l&#8217;intento di sensibilizzare alla stampa fotografica hanno deciso di importare il progetto del fotografo Settimio Benedusi, svoltosi nella seconda settimana di dicembre a Milano.&#8221;Solo gli scatti stampati danno tangibilit\u00e0 ai ricordi e ci consentono di conservarli nel tempo&#8221;, sostiene Benedusi.<\/p>\n<p style=\"text-align: justify;\">Il rischio \u00e8 che con la sola archiviazione digitale non lasceremo nessuna testimonianza e nessun ricordo di noi ai nostri figli o ai nostri nipoti. Il pericolo \u00e8 che le fotografie scattate con il cellulare e le foto caricate sui vari social spariranno.<\/p>\n","protected":false},"excerpt":{"rendered":"<p>Sfm\u00a0(Scuola di fotografia Messina) propone un antidoto alla liquidit\u00e0 fotografica contemporanea: siamo sommersi da foto digitali perfette che finiscono spesso per essere dimenticate, o peggio perse. La mostra-evento &#8220;Ricordi?&#8221; si terr\u00e0 il 6 e 7 gennaio dalle 11 alle 22, in via Terranova 5: 5 fotografi professionisti (Pietro Cardile, Anna Venuto, Antonino Gitto, Paolo Galletta, [&hellip;]<\/p>\n","protected":false},"author":8,"featured_media":13663,"comment_status":"closed","ping_status":"open","sticky":false,"template":"","format":"standard","meta":{"ub_ctt_via":"","_mi_skip_tracking":false},"categories":[16],"tags":[],"featured_image_src":"https:\/\/www.messinaoggi.it\/website\/wp-content\/uploads\/2017\/12\/mostra-evento-messina.jpg","author_info":{"display_name":"red..me","author_link":"https:\/\/www.messinaoggi.it\/website\/author\/redstage\/"},"digistream_id":0,"digistream":false,"_links":{"self":[{"href":"https:\/\/www.messinaoggi.it\/website\/wp-json\/wp\/v2\/posts\/13662"}],"collection":[{"href":"https:\/\/www.messinaoggi.it\/website\/wp-json\/wp\/v2\/posts"}],"about":[{"href":"https:\/\/www.messinaoggi.it\/website\/wp-json\/wp\/v2\/types\/post"}],"author":[{"embeddable":true,"href":"https:\/\/www.messinaoggi.it\/website\/wp-json\/wp\/v2\/users\/8"}],"replies":[{"embeddable":true,"href":"https:\/\/www.messinaoggi.it\/website\/wp-json\/wp\/v2\/comments?post=13662"}],"version-history":[{"count":0,"href":"https:\/\/www.messinaoggi.it\/website\/wp-json\/wp\/v2\/posts\/13662\/revisions"}],"wp:featuredmedia":[{"embeddable":true,"href":"https:\/\/www.messinaoggi.it\/website\/wp-json\/wp\/v2\/media\/13663"}],"wp:attachment":[{"href":"https:\/\/www.messinaoggi.it\/website\/wp-json\/wp\/v2\/media?parent=13662"}],"wp:term":[{"taxonomy":"category","embeddable":true,"href":"https:\/\/www.messinaoggi.it\/website\/wp-json\/wp\/v2\/categories?post=13662"},{"taxonomy":"post_tag","embeddable":true,"href":"https:\/\/www.messinaoggi.it\/website\/wp-json\/wp\/v2\/tags?post=13662"}],"curies":[{"name":"wp","href":"https:\/\/api.w.org\/{rel}","templated":true}]}}