{"id":13661,"date":"2017-12-28T12:23:28","date_gmt":"2017-12-28T11:23:28","guid":{"rendered":"http:\/\/www.messinaoggi.it\/website\/?p=13661"},"modified":"2017-12-28T12:23:28","modified_gmt":"2017-12-28T11:23:28","slug":"commissioni-ars-in-sanita-domina-messina-genovese-vicepresidente-degli-affari-istituzionali","status":"publish","type":"post","link":"https:\/\/www.messinaoggi.it\/website\/2017\/12\/28\/commissioni-ars-in-sanita-domina-messina-genovese-vicepresidente-degli-affari-istituzionali\/","title":{"rendered":"Commissioni Ars, in Sanit\u00e0 &quot;domina&quot; Messina. Genovese vicepresidente degli Affari Istituzionali"},"content":{"rendered":"<p style=\"text-align: justify;\">Giornata di composizione delle commissioni ieri, all\u2019Ars dove adesso il quadro \u00e8 molto pi\u00f9 chiaro. Mentre il Governatore Musumeci deve fronteggiare la grana delle dimissioni di Figuccia in rottura definitiva con Miccich\u00e8, il Parlamento regionale ha deciso la formazione delle sette commissioni. Sotto il profilo strettamente territoriale, Messina recita il ruolo del leone all\u2019interno della commissione Sanit\u00e0 dove pu\u00f2 contare su ben quattro elementi.<div id=\"div-gpt-ad-Messinaoggi.it-DSK-300x250-corpoart\" style=\"text-align:center;margin:0 auto;\"><\/div><\/p>\n<p style=\"text-align: justify;\">Si tratta di Elvira Amata, Fratelli d\u2019Italia, Franco de Domenico, Partito Democratico, Tommaso Calderone, Forza Italia, e Antonio De Luca, Movimento 5 Stelle. Una chance che la citt\u00e0 e tutto il territorio non pu\u00f2 \u00e8 non deve lasciarsi sfuggire, soprattutto se si pensa al recente passato, in cui la sanit\u00e0 messinese ha pi\u00f9 volte rischiato di cadere sotto la scure di una spending review che troppe volte ha dato l\u2019impressione di ragionare a senso unico.<div id=\"videoincontent\" style=\"clear:both\";><\/div><\/p>\n<p style=\"text-align: justify;\">Luigi Genovese (Forza Italia) sar\u00e0 invece componente e vicepresidente della commissione Affari Istituzionali, commissione dove si decider\u00e0 il futuro di molte riforme, su tutte quelle che riguardano le ex Province, oggi Citt\u00e0 Metroppolitane, che potrebbero tornare ad essere formate da un Consiglio eletto direttamente.<\/p>\n<p style=\"text-align: justify;\">L\u2019ex Udc, ora al Gruppo Misto, Cateno De Luca sar\u00e0 invece al Bilancio. Valentina Zafarana del Movimento 5 Stelle e Pino Galluzzo di Diventer\u00e0 Bellissima, saranno presenti all\u2019interno della commissione Attivit\u00e0 Produttive, mentre l\u2019esponente del centrodestra \u00e8 anche componente della commissione Unione Europea e vicepresidente della commissione Cultura, Formazione e Lavoro. Quest\u2019ultima vedr\u00e0 tra i propri componenti la presenza di Antonio Catalfamo di Fratelli d\u2019Italia.<\/p>\n","protected":false},"excerpt":{"rendered":"<p>Giornata di composizione delle commissioni ieri, all\u2019Ars dove adesso il quadro \u00e8 molto pi\u00f9 chiaro. Mentre il Governatore Musumeci deve fronteggiare la grana delle dimissioni di Figuccia in rottura definitiva con Miccich\u00e8, il Parlamento regionale ha deciso la formazione delle sette commissioni. Sotto il profilo strettamente territoriale, Messina recita il ruolo del leone all\u2019interno della [&hellip;]<\/p>\n","protected":false},"author":1,"featured_media":13095,"comment_status":"closed","ping_status":"open","sticky":false,"template":"","format":"standard","meta":{"ub_ctt_via":"","_mi_skip_tracking":false},"categories":[4],"tags":[],"featured_image_src":"https:\/\/www.messinaoggi.it\/website\/wp-content\/uploads\/2017\/12\/ars-PAPA_0452C.jpg","author_info":{"display_name":"admin@admin.com","author_link":"https:\/\/www.messinaoggi.it\/website\/author\/adminadmin-com\/"},"digistream_id":0,"digistream":false,"_links":{"self":[{"href":"https:\/\/www.messinaoggi.it\/website\/wp-json\/wp\/v2\/posts\/13661"}],"collection":[{"href":"https:\/\/www.messinaoggi.it\/website\/wp-json\/wp\/v2\/posts"}],"about":[{"href":"https:\/\/www.messinaoggi.it\/website\/wp-json\/wp\/v2\/types\/post"}],"author":[{"embeddable":true,"href":"https:\/\/www.messinaoggi.it\/website\/wp-json\/wp\/v2\/users\/1"}],"replies":[{"embeddable":true,"href":"https:\/\/www.messinaoggi.it\/website\/wp-json\/wp\/v2\/comments?post=13661"}],"version-history":[{"count":0,"href":"https:\/\/www.messinaoggi.it\/website\/wp-json\/wp\/v2\/posts\/13661\/revisions"}],"wp:featuredmedia":[{"embeddable":true,"href":"https:\/\/www.messinaoggi.it\/website\/wp-json\/wp\/v2\/media\/13095"}],"wp:attachment":[{"href":"https:\/\/www.messinaoggi.it\/website\/wp-json\/wp\/v2\/media?parent=13661"}],"wp:term":[{"taxonomy":"category","embeddable":true,"href":"https:\/\/www.messinaoggi.it\/website\/wp-json\/wp\/v2\/categories?post=13661"},{"taxonomy":"post_tag","embeddable":true,"href":"https:\/\/www.messinaoggi.it\/website\/wp-json\/wp\/v2\/tags?post=13661"}],"curies":[{"name":"wp","href":"https:\/\/api.w.org\/{rel}","templated":true}]}}