{"id":136600,"date":"2023-01-05T13:07:57","date_gmt":"2023-01-05T12:07:57","guid":{"rendered":"https:\/\/www.messinaoggi.it\/website\/2023\/01\/05\/oltre-50mila-fedeli-per-lultimo-saluto-a-benedetto-xvi-santo-subito\/"},"modified":"2023-01-05T13:07:57","modified_gmt":"2023-01-05T12:07:57","slug":"oltre-50mila-fedeli-per-lultimo-saluto-a-benedetto-xvi-santo-subito","status":"publish","type":"post","link":"https:\/\/www.messinaoggi.it\/website\/2023\/01\/05\/oltre-50mila-fedeli-per-lultimo-saluto-a-benedetto-xvi-santo-subito\/","title":{"rendered":"Oltre 50mila fedeli per l\u2019ultimo saluto a Benedetto XVI \u201cSanto subito\u201d"},"content":{"rendered":"<div>ROMA (ITALPRESS) &#8211; &#8220;Benedetto Santo subito&#8221;, \u00e8 il desiderio dei fedeli che hanno assistito ai funerali del Papa emerito Benedetto XVI, cerimonia solenne e sobria, durata un&#8217;ora e mezza. Una Roma blindata e avvolta da una fitta nebbia ha accolto religiosi e autorit\u00e0 provenienti da tutto il mondo per l&#8217;ultimo saluto a Ratzinger, morto il 31 dicembre a 95 anni. In oltre 50 mila hanno assistito alla messa presieduta da Papa Francesco e officiata dal decano del Collegio cardinalizio, Giovan Battista Re, dati diffusi dalla sala stampa vaticana. La macchina organizzativa e della sicurezza predisposta da questura e Comune di Roma ha funzionato, con una zona rossa intorno all&#8217;area della Basilica di San Pietro, una no fly zone, strade chiuse, mezzi pubblici potenziati, forze di polizia a presidiare i varchi d&#8217;accesso.<br \/>\nI fedeli hanno assistito alla cerimonia, raccolti in preghiera, tra piazza San Pietro e via della Conciliazione, nelle prime file, tra i cinquemila posti a sedere predisposti, presenti le autorit\u00e0 provenienti da tutto il mondo con la delegazione italiana guidata dal presidente della Repubblica, Sergio Mattarella, e la delegazione tedesca, guidata dal suo omologo Frank-Walter Steinmeier. Presente anche il presidente del Consiglio, Giorgia Meloni e l&#8217;ex premier, Mario Draghi. Tra le autorit\u00e0 religiose presente una delegazione della comunit\u00e0 ebraica di Roma, l&#8217;Imam Yahya Pallavicini, vicepresidente Coresi, Comunit\u00e0 Religiosa islamica italiana, e Yassine Lafram, presidente dell&#8217;Ucoii, l&#8217;Unione dei musulmani italiani. Un lungo applauso ha accolto l&#8217;arrivo e l&#8217;uscita del feretro di Papa Benedetto: all&#8217;entrata centrale della basilica di San Pietro \u00e8 stato posto un arazzo della Resurrezione, dalla serie della Vita di Cristo, tra l&#8217;arazzo e il cancello dell&#8217;ingresso \u00e8 presente un tendaggio di velluto rosso.<br \/>\n&#8220;Benedetto, fedele amico dello Sposo, che la tua gioia sia perfetta nell&#8217;udire definitivamente e per sempre la sua voce&#8221;, le parole pronunciate da Papa Francesco durante la messa esequiale. Durante il &#8220;commiato&#8221;, con le quali il Papa emerito \u00e8 affidato a Dio, le parole di Papa Francesco sono state: &#8220;A te Signore affidiamo il Papa emerito Benedetto, che tu hai costituito successore di Pietro il Pastore della Chiesa, pronunciatore intrepido della Tua Parola e dispensatore dei Divini misteri. Ti preghiamo nel Santuario del Cielo a godere dell&#8217;eterna gloria con tutti i tuoi eletti. Rendiamo grazie Signore per tutti i benefici che nella tua bont\u00e0 gli hai concesso per il bene del tuo popolo. Dona a noi il conforto della fede e la forza della speranza&#8221;.<br \/>\nTanti i volontari impegnati nella piazza e nelle vie limitrofe per consentire un sereno svolgimento degli eventi, tra loro anche chi, con pettorina blu, ha distribuito migliaia di cartoline ricordo di Benedetto XVI e calendari del 2023. I fedeli sono arrivati da tutta Italia, dalla Germania, terra natia di Ratzinger, e da molti paesi Ue e extra Ue per tenere vivo il messaggio lasciato dal Papa emerito: &#8220;Un uomo di Dio, un pastore con il cuore grande, e impregnato di Ges\u00f9 Cristo, non era uno che cercava la gloria del mondo, ma la gloria di Dio nella sua vita&#8221;, le parole di chi era in piazza San Pietro.<br \/>\nll corpo di Benedetto XVI riposer\u00e0 in una bara in cipresso chiusa con i sigilli della camera apostolica, con medaglie, monete coniate durante il Pontificato, i pallii, paramenti liturgici e il &#8216;Rogit\u00f2, un breve testo che descrive il Pontificato del Papa. Dopo la liturgia, le spoglie del Papa emerito saranno portate nelle grotte vaticane per la tumulazione in quella che fu la nicchia di Giovanni Paolo II, Papa Wojtyla.<br \/>\n&#8220;Nella luce di Cristo risorto dai morti, il 31 dicembre dell&#8217;anno del Signore 2022, alle 9:34 del mattino, mentre terminava l&#8217;anno ed eravamo pronti a cantare il Te Deum per i molteplici benefici concessi dal Signore, l&#8217;amato Pastore emerito della Chiesa, Benedetto XVI, \u00e8 passato da questo mondo al Padre. Tutta la Chiesa insieme col Santo Padre Francesco in preghiera ha accompagnato il suo transito&#8221;, il testo del rogito. In questi tre giorni hanno reso omaggio a Benedetto XVI quasi 200 mila persone nella Basilica Vaticana.<div id=\"div-gpt-ad-Messinaoggi.it-DSK-300x250-corpoart\" style=\"text-align:center;margin:0 auto;\"><\/div><\/p>\n<p>&#8211; foto xb1\/Italpress &#8211;<br \/>\n(ITALPRESS).<div id=\"videoincontent\" style=\"clear:both\";><\/div><\/p><\/div>\n","protected":false},"excerpt":{"rendered":"<p>ROMA (ITALPRESS) &#8211; &#8220;Benedetto Santo subito&#8221;, \u00e8 il desiderio dei fedeli che hanno assistito ai funerali del Papa emerito Benedetto XVI, cerimonia solenne e sobria, durata un&#8217;ora e mezza. Una Roma blindata e avvolta da una fitta nebbia ha accolto religiosi e autorit\u00e0 provenienti da tutto il mondo per l&#8217;ultimo saluto a Ratzinger, morto il [&hellip;]<\/p>\n","protected":false},"author":18,"featured_media":136601,"comment_status":"closed","ping_status":"closed","sticky":false,"template":"","format":"standard","meta":{"ub_ctt_via":"","_mi_skip_tracking":false},"categories":[446],"tags":[783],"featured_image_src":"https:\/\/www.messinaoggi.it\/website\/wp-content\/uploads\/2023\/01\/20230105_0336.jpg","author_info":{"display_name":"Admin","author_link":"https:\/\/www.messinaoggi.it\/website\/author\/admin\/"},"digistream_id":0,"digistream":false,"_links":{"self":[{"href":"https:\/\/www.messinaoggi.it\/website\/wp-json\/wp\/v2\/posts\/136600"}],"collection":[{"href":"https:\/\/www.messinaoggi.it\/website\/wp-json\/wp\/v2\/posts"}],"about":[{"href":"https:\/\/www.messinaoggi.it\/website\/wp-json\/wp\/v2\/types\/post"}],"author":[{"embeddable":true,"href":"https:\/\/www.messinaoggi.it\/website\/wp-json\/wp\/v2\/users\/18"}],"replies":[{"embeddable":true,"href":"https:\/\/www.messinaoggi.it\/website\/wp-json\/wp\/v2\/comments?post=136600"}],"version-history":[{"count":0,"href":"https:\/\/www.messinaoggi.it\/website\/wp-json\/wp\/v2\/posts\/136600\/revisions"}],"wp:featuredmedia":[{"embeddable":true,"href":"https:\/\/www.messinaoggi.it\/website\/wp-json\/wp\/v2\/media\/136601"}],"wp:attachment":[{"href":"https:\/\/www.messinaoggi.it\/website\/wp-json\/wp\/v2\/media?parent=136600"}],"wp:term":[{"taxonomy":"category","embeddable":true,"href":"https:\/\/www.messinaoggi.it\/website\/wp-json\/wp\/v2\/categories?post=136600"},{"taxonomy":"post_tag","embeddable":true,"href":"https:\/\/www.messinaoggi.it\/website\/wp-json\/wp\/v2\/tags?post=136600"}],"curies":[{"name":"wp","href":"https:\/\/api.w.org\/{rel}","templated":true}]}}