{"id":13657,"date":"2017-12-28T11:31:47","date_gmt":"2017-12-28T10:31:47","guid":{"rendered":"http:\/\/www.messinaoggi.it\/website\/?p=13657"},"modified":"2017-12-28T11:31:47","modified_gmt":"2017-12-28T10:31:47","slug":"terremoto-1908-gioveni-dedicare-allevento-una-via","status":"publish","type":"post","link":"https:\/\/www.messinaoggi.it\/website\/2017\/12\/28\/terremoto-1908-gioveni-dedicare-allevento-una-via\/","title":{"rendered":"Terremoto 1908, Gioveni: &#039;Dedicare all&#039;evento una via&#039;"},"content":{"rendered":"<p><span style=\"color: #000000\"><span style=\"font-family: Arial, sans-serif\"><span style=\"font-size: medium\"><span lang=\"it-IT\">&#8220;Che ben venga la visita tematica guidata di stamane al Gran Camposanto in ricordo delle vittime del terremoto del 1908, cos\u00ec come tutte le lodevoli iniziative\u00a0poste in essere da pi\u00f9 parti per ricordare questa nostra triste e storica ricorrenza, ma possibile che, nonostante l\u2019impegno preso dal sindaco Accorinti nel suo primo anno di mandato, non si voglia ricordare in modo tangibile, visibile e concreto il giorno pi\u00f9 triste ed epocale della storia della nostra citt\u00e0 dedicando all\u2019evento una strada o una piazza?&#8221;. Oggi cade il 109\u00b0 anniversario di quel catastrofico terremoto che rase al suolo Messina e Reggio Calabria, e l&#8217;esponente del Gruppo Misto in Consiglio Comunale, Libero Gioveni, avanza nuovamente la sua proposta presentata per la prima volta quattro anni fa: ridenominare il tratto di viale San Martino compreso fra villa Dante e viale Europa in \u201cvia 28 Dicembre 1908\u201d. Un&#8217;iniziativa che a detta di Gioveni entusiasm\u00f2 molto all&#8217;epoca Accorinti, il quale sembrava averla presa particolarmente a cuore. Ma cos\u00ec non \u00e8 stato. Gli anni passano, ma ancora non \u00e8 stato avviato nessun iter per l\u2019intitolazione n\u00e9 di quella n\u00e9 di alcuna altra strada o piazza cittadina.<\/span><\/span><\/span><\/span><br \/>\n<span style=\"color: #000000\">\u201c<span style=\"font-family: Arial, sans-serif\"><span style=\"font-size: medium\"><span lang=\"it-IT\">Continuo a rimanere convinto &#8211; afferma Gioveni &#8211; della necessit\u00e0 di imprimere un segnale forte e tangibile, in ricordo di quel triste evento, proprio nel luogo che per primo fu ricostruito dopo quella immane tragedia: il Quartiere Lombardo.<\/span><\/span><\/span><\/span><br \/>\n<span style=\"font-family: Arial, sans-serif\"><span style=\"color: #000000\"><span style=\"font-size: medium\"><span lang=\"it-IT\">La storia messinese dell\u2019ultimo secolo, infatti &#8211; ricorda il consigliere \u2013 narra che grazie ai finanziamenti erogati dalla famosa Opera Pia Lombarda, furono progettati e costruiti, subito dopo il terremoto del 1908, nel quadrilatero compreso fra via La Farina, viale Europa, via Catania e via Roosvelt (meglio noto, appunto, come \u201cQuartiere Lombardo\u201d), un orfanotrofio, un asilo ed un gruppo di case\u00a0economiche con criteri antisismici.<br \/>\nIl breve tratto di viale San Marino, quindi &#8211; prosegue l&#8217;esponente del gruppo Misto &#8211; rappresenta forse l\u2019unica strada cittadina (la pi\u00f9 importante e centrale del Quartiere Lombardo) che negli anni a venire potrebbe rievocare in modo concreto quel triste giorno di dicembre di inizio secolo scorso!<br \/>\nMa se anche non fosse questa la strada prescelta &#8211; preme a sottolineare il consigliere comunale \u2013 poco importa, perch\u00e9 ci\u00f2 che conta \u00e8 che, non essendo mai esistita, una zona della citt\u00e0 porti finalmente, dopo 109 anni, il nome del giorno del sisma in cui 100.000 messinesi persero tragicamente la vita!<br \/>\nGioveni, quindi, auspica che, prima della fine di questa legislatura, possa essere avviato in concreto l&#8217;iter per l&#8217;intitolazione, per lasciare alla citt\u00e0 il primo vero &#8220;segno epocale&#8221; del pi\u00f9 grande evento luttuoso della storia messinese\u201d.<\/span><\/span><\/span><\/span><div id=\"div-gpt-ad-Messinaoggi.it-DSK-300x250-corpoart\" style=\"text-align:center;margin:0 auto;\"><\/div><\/p>\n<div id=\"videoincontent\" style=\"clear:both\";><\/div>","protected":false},"excerpt":{"rendered":"<p>&#8220;Che ben venga la visita tematica guidata di stamane al Gran Camposanto in ricordo delle vittime del terremoto del 1908, cos\u00ec come tutte le lodevoli iniziative\u00a0poste in essere da pi\u00f9 parti per ricordare questa nostra triste e storica ricorrenza, ma possibile che, nonostante l\u2019impegno preso dal sindaco Accorinti nel suo primo anno di mandato, non [&hellip;]<\/p>\n","protected":false},"author":8,"featured_media":13659,"comment_status":"closed","ping_status":"open","sticky":false,"template":"","format":"standard","meta":{"ub_ctt_via":"","_mi_skip_tracking":false},"categories":[4],"tags":[],"featured_image_src":"https:\/\/www.messinaoggi.it\/website\/wp-content\/uploads\/2017\/12\/terremoto-1908.jpg","author_info":{"display_name":"red..me","author_link":"https:\/\/www.messinaoggi.it\/website\/author\/redstage\/"},"digistream_id":0,"digistream":false,"_links":{"self":[{"href":"https:\/\/www.messinaoggi.it\/website\/wp-json\/wp\/v2\/posts\/13657"}],"collection":[{"href":"https:\/\/www.messinaoggi.it\/website\/wp-json\/wp\/v2\/posts"}],"about":[{"href":"https:\/\/www.messinaoggi.it\/website\/wp-json\/wp\/v2\/types\/post"}],"author":[{"embeddable":true,"href":"https:\/\/www.messinaoggi.it\/website\/wp-json\/wp\/v2\/users\/8"}],"replies":[{"embeddable":true,"href":"https:\/\/www.messinaoggi.it\/website\/wp-json\/wp\/v2\/comments?post=13657"}],"version-history":[{"count":0,"href":"https:\/\/www.messinaoggi.it\/website\/wp-json\/wp\/v2\/posts\/13657\/revisions"}],"wp:featuredmedia":[{"embeddable":true,"href":"https:\/\/www.messinaoggi.it\/website\/wp-json\/wp\/v2\/media\/13659"}],"wp:attachment":[{"href":"https:\/\/www.messinaoggi.it\/website\/wp-json\/wp\/v2\/media?parent=13657"}],"wp:term":[{"taxonomy":"category","embeddable":true,"href":"https:\/\/www.messinaoggi.it\/website\/wp-json\/wp\/v2\/categories?post=13657"},{"taxonomy":"post_tag","embeddable":true,"href":"https:\/\/www.messinaoggi.it\/website\/wp-json\/wp\/v2\/tags?post=13657"}],"curies":[{"name":"wp","href":"https:\/\/api.w.org\/{rel}","templated":true}]}}